{"id":28426,"date":"2025-11-24T14:44:18","date_gmt":"2025-11-24T17:44:18","guid":{"rendered":"https:\/\/www.ovg.org.br\/site\/?p=28426"},"modified":"2025-11-24T14:44:19","modified_gmt":"2025-11-24T17:44:19","slug":"goias-social-e-ovg-lancam-edital-para-selecao-de-cinco-mil-novos-beneficiarios-do-probem","status":"publish","type":"post","link":"https:\/\/www.ovg.org.br\/site\/?p=28426","title":{"rendered":"Goi\u00e1s Social e OVG lan\u00e7am edital para sele\u00e7\u00e3o de cinco mil novos benefici\u00e1rios do ProBem"},"content":{"rendered":"\n<p><strong>Lucas Dellamare<\/strong><\/p>\n\n\n\n<p>O Governo do Estado, por meio do Goi\u00e1s Social e da Organiza\u00e7\u00e3o das Volunt\u00e1rias de Goi\u00e1s (OVG), divulgou o edital de sele\u00e7\u00e3o para novos benefici\u00e1rios do Programa Universit\u00e1rio do Bem (ProBem) para o semestre 2026\/1. Ser\u00e3o ofertadas 5 mil bolsas de estudo, sendo 1.250 integrais e 3.750 parciais, destinadas a estudantes em situa\u00e7\u00e3o de vulnerabilidade social de todas as regi\u00f5es do estado. Desde 2019, o programa j\u00e1 concedeu mais de 53 mil bolsas, ampliando de forma cont\u00ednua o acesso ao Ensino Superior para moradores de 239 munic\u00edpios goianos.<\/p>\n\n\n\n<p>Uma das principais novidades deste edital \u00e9 a oferta de 500 bolsas exclusivas para cursos de Ci\u00eancias, Tecnologia, Engenharia e Matem\u00e1tica. Os cursos, considerados \u201cPriorit\u00e1rios TECH\u201d, est\u00e3o entre os de maior demanda no mercado de trabalho, com empregabilidade elevada e sal\u00e1rios acima da m\u00e9dia, segundo estudos do Instituto Mauro Borges (IMB).<\/p>\n\n\n\n<p>\u201cEstamos ampliando oportunidades onde o futuro est\u00e1 acontecendo. Essas bolsas do \u201cProBem TECH\u201d preparam nossos jovens para um mercado que cresce todos os dias e que exige profissionais qualificados. O ProBem acompanha essa evolu\u00e7\u00e3o e garante que quem mais precisa tamb\u00e9m tenha acesso \u00e0s \u00e1reas que mais geram oportunidades\u201d, destaca a presidente de honra da OVG e coordenadora do Goi\u00e1s Social, primeira-dama Gracinha Caiado.<\/p>\n\n\n\n<p>O edital j\u00e1 est\u00e1 dispon\u00edvel para consulta no site da OVG (ovg.org.br), com todas as informa\u00e7\u00f5es sobre documentos, regras e crit\u00e9rios de classifica\u00e7\u00e3o. As inscri\u00e7\u00f5es dever\u00e3o ser realizadas exclusivamente de forma on-line, no per\u00edodo de 13 a 23 de janeiro de 2026, tamb\u00e9m pelo portal do ProBem. A divulga\u00e7\u00e3o dos classificados est\u00e1 marcada para 3 de fevereiro, com per\u00edodo de recursos de 3 a 7 de fevereiro e resultado final no dia 10 do mesmo m\u00eas. A confirma\u00e7\u00e3o de matr\u00edcula dos contemplados dever\u00e1 ser feita at\u00e9 13 de mar\u00e7o de 2026.<\/p>\n\n\n\n<p>\u201cAs bolsas do ProBem representam oportunidade real para quem sonha em cursar uma universidade, mas n\u00e3o tem condi\u00e7\u00f5es de arcar com os custos. \u00c9 por isso que divulgamos o edital com anteced\u00eancia: para que esses jovens tenham tempo de organizar documentos e n\u00e3o perder nenhum prazo. O ProBem \u00e9 uma pol\u00edtica p\u00fablica que abre portas e transforma vidas\u201d, ressalta Gracinha Caiado.<\/p>\n\n\n\n<p><strong>Crit\u00e9rios e import\u00e2ncia do Cad\u00danico<\/strong><\/p>\n\n\n<div class=\"wp-block-image\">\n<figure class=\"alignleft size-large is-resized\"><img loading=\"lazy\" decoding=\"async\" width=\"683\" height=\"1024\" src=\"https:\/\/www.ovg.org.br\/site\/wp-content\/uploads\/2025\/11\/54750972409_c281bc0b66_o-683x1024.jpg\" alt=\"\" class=\"wp-image-28428\" style=\"width:364px;height:auto\" srcset=\"https:\/\/www.ovg.org.br\/site\/wp-content\/uploads\/2025\/11\/54750972409_c281bc0b66_o-683x1024.jpg 683w, https:\/\/www.ovg.org.br\/site\/wp-content\/uploads\/2025\/11\/54750972409_c281bc0b66_o-200x300.jpg 200w, https:\/\/www.ovg.org.br\/site\/wp-content\/uploads\/2025\/11\/54750972409_c281bc0b66_o-768x1152.jpg 768w, https:\/\/www.ovg.org.br\/site\/wp-content\/uploads\/2025\/11\/54750972409_c281bc0b66_o-1024x1536.jpg 1024w, https:\/\/www.ovg.org.br\/site\/wp-content\/uploads\/2025\/11\/54750972409_c281bc0b66_o-1365x2048.jpg 1365w, https:\/\/www.ovg.org.br\/site\/wp-content\/uploads\/2025\/11\/54750972409_c281bc0b66_o-scaled.jpg 1707w\" sizes=\"auto, (max-width: 683px) 100vw, 683px\" \/><\/figure>\n<\/div>\n\n\n<p>Para concorrer, o estudante precisa obrigatoriamente estar inscrito no Cadastro \u00danico para Programas Sociais (Cad\u00danico), ferramenta que identifica fam\u00edlias de baixa renda. Al\u00e9m disso, o candidato deve residir em Goi\u00e1s, estar em curso de gradua\u00e7\u00e3o presencial cadastrado no ProBem, n\u00e3o possuir diploma superior e estar na primeira gradua\u00e7\u00e3o.<\/p>\n\n\n\n<p>A sele\u00e7\u00e3o dos benefici\u00e1rios \u00e9 feita com base no \u00cdndice Multidimensional de Car\u00eancia das Fam\u00edlias Ampliado (IMCF-A), que analisa diversas vulnerabilidades sociais registradas no Cad\u00danico. Esse m\u00e9todo garante que as bolsas cheguem a quem mais precisa.<\/p>\n\n\n\n<p>\u201cQuando fortalecemos o ProBem, estamos investindo em dignidade, autonomia e futuro. O IMCF-A garante justi\u00e7a e transpar\u00eancia, direcionando o benef\u00edcio para quem realmente necessita. Nossos jovens t\u00eam talento e potencial, por isso cabe ao Estado garantir que tenham meios para desenvolver tudo isso\u201d, explicou a diretora-geral da OVG, Adryanna Caiado.<\/p>\n\n\n\n<p><strong>Valores e modalidades<br><\/strong>As bolsas integrais podem chegar a 100% do valor da mensalidade, com teto de R$ 1.500 para cursos gerais e de R$ 5.800 para Medicina. J\u00e1 as parciais cobrem 50% da mensalidade, limitadas a R$ 650 para cursos gerais e R$ 2.900 para Medicina e Odontologia.<\/p>\n\n\n\n<p>Com o lan\u00e7amento do novo edital, o Governo de Goi\u00e1s reafirma sua prioridade em promover acesso ao Ensino Superior, fortalecer a inclus\u00e3o educacional e ampliar oportunidades para jovens em situa\u00e7\u00e3o de vulnerabilidade. A amplia\u00e7\u00e3o das vagas e a prioriza\u00e7\u00e3o de \u00e1reas estrat\u00e9gicas como TECH (ligadas \u00e0 tecnologia) consolidam o ProBem como uma das pol\u00edticas p\u00fablicas mais relevantes no combate \u00e0s desigualdades e na constru\u00e7\u00e3o de um futuro mais justo e competitivo para o estado.<\/p>\n\n\n\n<p><strong>Organiza\u00e7\u00e3o das Volunt\u00e1rias de Goi\u00e1s | Goi\u00e1s Social \u2013 Governo de Goi\u00e1s<\/strong><\/p>\n","protected":false},"excerpt":{"rendered":"<p>Documento com todas as etapas do Processo Seletivo 2026\/1 j\u00e1 est\u00e1 dispon\u00edvel no site da OVG. Inscri\u00e7\u00f5es ser\u00e3o realizadas on-line, entre 13 e 23 de janeiro, sem nenhum custo para o estudante<\/p>\n","protected":false},"author":8,"featured_media":28427,"comment_status":"closed","ping_status":"closed","sticky":false,"template":"","format":"standard","meta":{"_acf_changed":false,"footnotes":""},"categories":[1],"tags":[],"class_list":["post-28426","post","type-post","status-publish","format-standard","has-post-thumbnail","hentry","category-noticias-ovg"],"acf":[],"_links":{"self":[{"href":"https:\/\/www.ovg.org.br\/site\/index.php?rest_route=\/wp\/v2\/posts\/28426","targetHints":{"allow":["GET"]}}],"collection":[{"href":"https:\/\/www.ovg.org.br\/site\/index.php?rest_route=\/wp\/v2\/posts"}],"about":[{"href":"https:\/\/www.ovg.org.br\/site\/index.php?rest_route=\/wp\/v2\/types\/post"}],"author":[{"embeddable":true,"href":"https:\/\/www.ovg.org.br\/site\/index.php?rest_route=\/wp\/v2\/users\/8"}],"replies":[{"embeddable":true,"href":"https:\/\/www.ovg.org.br\/site\/index.php?rest_route=%2Fwp%2Fv2%2Fcomments&post=28426"}],"version-history":[{"count":1,"href":"https:\/\/www.ovg.org.br\/site\/index.php?rest_route=\/wp\/v2\/posts\/28426\/revisions"}],"predecessor-version":[{"id":28429,"href":"https:\/\/www.ovg.org.br\/site\/index.php?rest_route=\/wp\/v2\/posts\/28426\/revisions\/28429"}],"wp:featuredmedia":[{"embeddable":true,"href":"https:\/\/www.ovg.org.br\/site\/index.php?rest_route=\/wp\/v2\/media\/28427"}],"wp:attachment":[{"href":"https:\/\/www.ovg.org.br\/site\/index.php?rest_route=%2Fwp%2Fv2%2Fmedia&parent=28426"}],"wp:term":[{"taxonomy":"category","embeddable":true,"href":"https:\/\/www.ovg.org.br\/site\/index.php?rest_route=%2Fwp%2Fv2%2Fcategories&post=28426"},{"taxonomy":"post_tag","embeddable":true,"href":"https:\/\/www.ovg.org.br\/site\/index.php?rest_route=%2Fwp%2Fv2%2Ftags&post=28426"}],"curies":[{"name":"wp","href":"https:\/\/api.w.org\/{rel}","templated":true}]}}