{"id":28515,"date":"2025-11-28T17:18:35","date_gmt":"2025-11-28T20:18:35","guid":{"rendered":"https:\/\/www.ovg.org.br\/site\/?p=28515"},"modified":"2025-11-28T17:19:38","modified_gmt":"2025-11-28T20:19:38","slug":"natal-do-bem-orienta-visitantes-sobre-uso-de-fantasias-natalinas-nas-dependencias-do-evento","status":"publish","type":"post","link":"https:\/\/www.ovg.org.br\/site\/?p=28515","title":{"rendered":"Natal do Bem orienta visitantes sobre uso de fantasias natalinas nas depend\u00eancias do evento"},"content":{"rendered":"\n<p><strong>Lucas Dellamare<\/strong><\/p>\n\n\n\n<p>O Natal do Bem informa que visitantes n\u00e3o poder\u00e3o utilizar fantasias natalinas completas dentro das depend\u00eancias do evento. A medida tem como objetivo preservar a organiza\u00e7\u00e3o das atividades e garantir a prote\u00e7\u00e3o do p\u00fablico, especialmente das crian\u00e7as, que interagem diariamente com os personagens oficiais do Natal do Bem. Cada um deles \u00e9 interpretado por atores contratados e treinados para oferecer alegria, acolhimento e encantamento com total respeito e seguran\u00e7a, sempre dispon\u00edveis para fotos e intera\u00e7\u00e3o sem qualquer custo aos visitantes.<\/p>\n\n\n\n<p>A presen\u00e7a de pessoas caracterizadas sem v\u00ednculo com a equipe poderia gerar confus\u00e3o, riscos e at\u00e9 cobran\u00e7as indevidas, comprometendo a experi\u00eancia cuidadosamente constru\u00edda para cada fam\u00edlia. Por isso, a orienta\u00e7\u00e3o refor\u00e7a o compromisso do Natal do Bem em assegurar um ambiente harmonioso, acolhedor e protegido, preservando a magia que marca o evento.<\/p>\n\n\n\n<p>A restri\u00e7\u00e3o vale apenas para fantasias completas que possam gerar confus\u00e3o com os personagens do evento. Gorros natalinos, adere\u00e7os simples e, claro, crian\u00e7as e PETs com roupinhas de Natal continuam sendo muito bem-vindos. Esses elementos ajudam a compor o clima festivo e deixam o Natal do Bem ainda mais bonito e especial para todas as fam\u00edlias.<\/p>\n\n\n\n<p><strong>Organiza\u00e7\u00e3o das Volunt\u00e1rias de Goi\u00e1s (OVG)<\/strong><\/p>\n","protected":false},"excerpt":{"rendered":"<p>A medida tem como objetivo preservar a organiza\u00e7\u00e3o das atividades e garantir a prote\u00e7\u00e3o do p\u00fablico, especialmente das crian\u00e7as<\/p>\n","protected":false},"author":8,"featured_media":28516,"comment_status":"closed","ping_status":"closed","sticky":false,"template":"","format":"standard","meta":{"_acf_changed":false,"footnotes":""},"categories":[1],"tags":[],"class_list":["post-28515","post","type-post","status-publish","format-standard","has-post-thumbnail","hentry","category-noticias-ovg"],"acf":[],"_links":{"self":[{"href":"https:\/\/www.ovg.org.br\/site\/index.php?rest_route=\/wp\/v2\/posts\/28515","targetHints":{"allow":["GET"]}}],"collection":[{"href":"https:\/\/www.ovg.org.br\/site\/index.php?rest_route=\/wp\/v2\/posts"}],"about":[{"href":"https:\/\/www.ovg.org.br\/site\/index.php?rest_route=\/wp\/v2\/types\/post"}],"author":[{"embeddable":true,"href":"https:\/\/www.ovg.org.br\/site\/index.php?rest_route=\/wp\/v2\/users\/8"}],"replies":[{"embeddable":true,"href":"https:\/\/www.ovg.org.br\/site\/index.php?rest_route=%2Fwp%2Fv2%2Fcomments&post=28515"}],"version-history":[{"count":3,"href":"https:\/\/www.ovg.org.br\/site\/index.php?rest_route=\/wp\/v2\/posts\/28515\/revisions"}],"predecessor-version":[{"id":28519,"href":"https:\/\/www.ovg.org.br\/site\/index.php?rest_route=\/wp\/v2\/posts\/28515\/revisions\/28519"}],"wp:featuredmedia":[{"embeddable":true,"href":"https:\/\/www.ovg.org.br\/site\/index.php?rest_route=\/wp\/v2\/media\/28516"}],"wp:attachment":[{"href":"https:\/\/www.ovg.org.br\/site\/index.php?rest_route=%2Fwp%2Fv2%2Fmedia&parent=28515"}],"wp:term":[{"taxonomy":"category","embeddable":true,"href":"https:\/\/www.ovg.org.br\/site\/index.php?rest_route=%2Fwp%2Fv2%2Fcategories&post=28515"},{"taxonomy":"post_tag","embeddable":true,"href":"https:\/\/www.ovg.org.br\/site\/index.php?rest_route=%2Fwp%2Fv2%2Ftags&post=28515"}],"curies":[{"name":"wp","href":"https:\/\/api.w.org\/{rel}","templated":true}]}}