{"id":28628,"date":"2025-12-08T11:07:55","date_gmt":"2025-12-08T14:07:55","guid":{"rendered":"https:\/\/www.ovg.org.br\/site\/?p=28628"},"modified":"2025-12-10T08:36:51","modified_gmt":"2025-12-10T11:36:51","slug":"agenda-cultural-natal-do-bem-no-centro-cultural-oscar-niemeyer-tem-apresentacao-de-aline-barros-e-muito-mais","status":"publish","type":"post","link":"https:\/\/www.ovg.org.br\/site\/?p=28628","title":{"rendered":"Agenda cultural: Natal do Bem, no Centro Cultural Oscar Niemeyer, tem apresenta\u00e7\u00e3o de Aline Barros e muito mais"},"content":{"rendered":"\n<p class=\"has-text-align-center has-small-font-size\"><em>Show com Aline Barros ser\u00e1 no dia 11 de dezembro, no Pal\u00e1cio da M\u00fasica, no Centro Cultural Oscar Niemeyer<\/em><\/p>\n\n\n\n<p><strong>Elis\u00e2ngela Vieira<\/strong><\/p>\n\n\n\n<p>O Natal do Bem 2025 est\u00e1 repleto de atra\u00e7\u00f5es para todas as idades. O maior evento natalino gratuito do Brasil re\u00fane, essa semana, no Centro Cultural Oscar Niemeyer, em Goi\u00e2nia, apresenta\u00e7\u00f5es que prometem celebrar toda a magia da \u00e9poca mais encantada do ano. Toda a programa\u00e7\u00e3o \u00e9 gratuita.<\/p>\n\n\n\n<p><strong>O Quebra-Nozes<\/strong><\/p>\n\n\n\n<p>Nesta ter\u00e7a-feira, 09 de dezembro, o Studio Dan\u00e7arte ir\u00e1 envolver o p\u00fablico com a apresenta\u00e7\u00e3o de um dos bal\u00e9s mais amados do mundo: O Quebra- Nozes. A hist\u00f3ria acompanha Clara, uma menina que ganha de presente um boneco quebra-nozes e, na noite de Natal, embarca em uma jornada m\u00e1gica em que brinquedos ganham vida, batalhas s\u00e3o travadas e sonhos se misturam \u00e0 realidade.<\/p>\n\n\n\n<p><strong>Data<\/strong>: 09 de dezembro<\/p>\n\n\n\n<p><strong>Local:&nbsp;<\/strong>Pal\u00e1cio da M\u00fasica do Centro Cultural Oscar Niemeyer<\/p>\n\n\n\n<p><strong>Hor\u00e1rio:<\/strong>&nbsp;20 horas<\/p>\n\n\n\n<p><strong>Dueto Vocal e Percuss\u00e3o<\/strong><\/p>\n\n\n\n<p>Ainda na noite de ter\u00e7a-feira, 09, o Coreto do Natal do Bem 2025 ter\u00e1 muita m\u00fasica ao som de piano, voz e percuss\u00e3o. No repert\u00f3rio, can\u00e7\u00f5es natalinas e religiosas.<\/p>\n\n\n\n<p><strong>Data: <\/strong>09 de dezembro<\/p>\n\n\n\n<p><strong>Local:&nbsp;<\/strong>Coreto do Natal do Bem 2025<\/p>\n\n\n\n<p><strong>Hor\u00e1rio:<\/strong>&nbsp;21 horas<\/p>\n\n\n\n<p><strong>O Quebra-Nozes<\/strong><\/p>\n\n\n\n<p>O Studio Dan\u00e7arte far\u00e1 sua segunda apresenta\u00e7\u00e3o no Natal do Bem 2025. No palco p\u00fablico o bal\u00e9 O Quebra-Nozes. A hist\u00f3ria acompanha Clara, uma menina que ganha de presente um boneco quebra-nozes e, na noite de Natal, embarca em uma jornada m\u00e1gica em que brinquedos ganham vida, batalhas s\u00e3o travadas e sonhos se misturam \u00e0 realidade.<\/p>\n\n\n\n<p><strong>Data<\/strong>: 10 de dezembro<\/p>\n\n\n\n<p><strong>Local:&nbsp;<\/strong>Pal\u00e1cio da M\u00fasica do Centro Cultural Oscar Niemeyer<\/p>\n\n\n\n<p><strong>Hor\u00e1rio:<\/strong>&nbsp;20 horas<\/p>\n\n\n\n<p><strong>Natal em Harmonia<\/strong><\/p>\n\n\n\n<p>A agenda cultural do Natal do Bem 2025 prossegue na quinta-feira, dia 11. Os m\u00fasicos Fernanda Guedes e Marcelo Maia apresentam cl\u00e1ssicos natalinos. A proposta \u00e9 proporcionar um momento de contempla\u00e7\u00e3o, mem\u00f3ria afetiva e renova\u00e7\u00e3o da esperan\u00e7a, alinhado ao esp\u00edrito solid\u00e1rio do Natal do Bem. Al\u00e9m de tradicionais can\u00e7\u00f5es natalinas, o repert\u00f3rio trar\u00e1 m\u00fasicas internacionais e brasileiras com tem\u00e1tica de f\u00e9, amor, uni\u00e3o, paz, esperan\u00e7a e renova\u00e7\u00e3o.<\/p>\n\n\n\n<p><strong>Data: <\/strong>10 de dezembro<\/p>\n\n\n\n<p><strong>Local:&nbsp;<\/strong>Coreto do Natal do Bem 2025<\/p>\n\n\n\n<p><strong>Hor\u00e1rio:<\/strong>&nbsp;21 horas<\/p>\n\n\n\n<p><strong>Show com Aline Barros<\/strong><\/p>\n\n\n\n<p>A cantora, compositora e pastora Aline Barros \u00e9 a grande atra\u00e7\u00e3o do Natal do Bem 2025. Considerada uma das maiores cantoras de m\u00fasica crist\u00e3 do Brasil, com v\u00e1rios discos de ouro, platina e diamante, ela trar\u00e1 \u00e0 maior festa natalina do Brasil uma noite de muita adora\u00e7\u00e3o e louvor com can\u00e7\u00f5es que viraram ora\u00e7\u00f5es.<\/p>\n\n\n\n<p>*O agendamento de entrevistas com a cantora deve ser feito diretamente com o Sesc.<\/p>\n\n\n\n<p><strong>Data<\/strong>: 11 de dezembro<\/p>\n\n\n\n<p><strong>Local:&nbsp;<\/strong>Pal\u00e1cio da M\u00fasica do Centro Cultural Oscar Niemeyer<\/p>\n\n\n\n<p><strong>Hor\u00e1rio:<\/strong>&nbsp;20 horas<\/p>\n\n\n\n<p><strong>Lourany Cruz e Banda<\/strong><\/p>\n\n\n\n<p>A cantora goiana Lourany Cruz, natural da cidade de Goi\u00e1s, celebra sua participa\u00e7\u00e3o, por mais um ano, no Natal do Bem. Ela e sua banda ir\u00e3o se apresentar na noite desta quinta-feira, dia 11. O grupo, que tem na bagagem apresenta\u00e7\u00f5es em v\u00e1rios eventos culturais, como Canto da Primavera e Festival Internacional de Cinema e V\u00eddeo Ambiental (Fica), trar\u00e1 um repert\u00f3rio diversificado, com muito rock, al\u00e9m de trilhas que ir\u00e3o te transportar para filmes que marcaram sua vida.<\/p>\n\n\n\n<p><strong>Data: <\/strong>11 de dezembro<\/p>\n\n\n\n<p><strong>Local:&nbsp;<\/strong>Coreto do Natal do Bem 2025<\/p>\n\n\n\n<p><strong>Hor\u00e1rio:<\/strong>&nbsp;21 horas<\/p>\n\n\n\n<p><strong>Big Band Basileu Fran\u00e7a<\/strong><\/p>\n\n\n\n<p>A Big Band Basileu Fran\u00e7a \u00e9 uma das atra\u00e7\u00f5es do Natal do Bem 2025 deste domingo. O repert\u00f3rio da noite re\u00fane tradi\u00e7\u00e3o, brasilidade e o encanto das can\u00e7\u00f5es natalinas. \u200b<\/p>\n\n\n\n<p><strong>Data<\/strong>: 12 de dezembro<\/p>\n\n\n\n<p><strong>Local:&nbsp;<\/strong>Pal\u00e1cio da M\u00fasica do Centro Cultural Oscar Niemeyer<\/p>\n\n\n\n<p><strong>Hor\u00e1rio:<\/strong>&nbsp;20 horas<\/p>\n\n\n\n<p><strong>Show com Lucas Manass\u00e9s e Banda<\/strong><\/p>\n\n\n\n<p>O tenor Lucas Manass\u00e9s e Banda apresentam um repert\u00f3rio variado, mesclando can\u00e7\u00f5es que tratam de temas recorrentes da fraternidade natalina e cl\u00e1ssicos da MPB.<\/p>\n\n\n\n<p><strong>Data: <\/strong>12 de dezembro<\/p>\n\n\n\n<p><strong>Local:&nbsp;<\/strong>Coreto do Natal do Bem 2025<\/p>\n\n\n\n<p><strong>Hor\u00e1rio:<\/strong>&nbsp;21 horas<\/p>\n\n\n\n<p><strong>Apresenta\u00e7\u00e3o Natalina com o Corpo Musical de Bombeiros da Pol\u00edcia Militar<\/strong><\/p>\n\n\n\n<p>O Corpo Musical de Bombeiros da Pol\u00edcia Militar far\u00e1 concerto com cl\u00e1ssicos natalinos e outros repert\u00f3rios, exaltando o esp\u00edrito festivo ao Natal do Bem 2025.<\/p>\n\n\n\n<p><strong>Data<\/strong>: 13 de dezembro<\/p>\n\n\n\n<p><strong>Local:&nbsp;<\/strong>Pal\u00e1cio da M\u00fasica do Centro Cultural Oscar Niemeyer<\/p>\n\n\n\n<p><strong>Hor\u00e1rio:<\/strong>&nbsp;20 horas<\/p>\n\n\n\n<p><strong>Jingle Sax &amp; Sax<\/strong><\/p>\n\n\n\n<p>Com a assinatura do saxofonista, arranjador e produtor Arthur Cavalcanti, o show trar\u00e1 cl\u00e1ssicos do Natal com a eleg\u00e2ncia do jazz contempor\u00e2neo: melodias que marcaram o cinema e timbres de sax que transitam entre o sutil e o arrebatador.<\/p>\n\n\n\n<p><strong>Data: <\/strong>13 de dezembro<\/p>\n\n\n\n<p><strong>Local:&nbsp;<\/strong>Coreto do Natal do Bem 2025<\/p>\n\n\n\n<p><strong>Hor\u00e1rio:<\/strong>&nbsp;21 horas<\/p>\n\n\n\n<p><strong>A Magia do Presente que Ningu\u00e9m V\u00ea<\/strong><\/p>\n\n\n\n<p>O espet\u00e1culo \u201cA Magia do Presente que Ningu\u00e9m V\u00ea\u201d, do Flamboyant Instituto, convida o p\u00fablico a redescobrir o verdadeiro esp\u00edrito do Natal. Unindo a linguagem art\u00edstica do teatro e da dan\u00e7a, a montagem traduz em movimento a delicadeza dos gestos cotidianos, o valor de um abra\u00e7o e a beleza do tempo dedicado ao outro. Mais do que celebrar a troca de presentes, o espet\u00e1culo prop\u00f5e uma reflex\u00e3o sens\u00edvel sobre o que realmente ilumina esta \u00e9poca: a presen\u00e7a, o afeto e a gentileza que, muitas vezes, passam despercebidos, mas s\u00e3o os presentes mais valiosos.<\/p>\n\n\n\n<p><strong>Data<\/strong>: 14 de dezembro<\/p>\n\n\n\n<p><strong>Local:&nbsp;<\/strong>Pal\u00e1cio da M\u00fasica do Centro Cultural Oscar Niemeyer<\/p>\n\n\n\n<p><strong>Hor\u00e1rio:<\/strong>&nbsp;20 horas<\/p>\n\n\n\n<p><strong>Duo Natalino &#8211; D\u00e1mom F\u00e1rias e Elen Lara<\/strong><\/p>\n\n\n\n<p>O tenor e cantor D\u00e1mom F\u00e1rias e a cantora e pianista Elen Lara unem-se em duo art\u00edstico especial para o Natal do Bem 2025. No repert\u00f3rio da dupla, can\u00e7\u00f5es da M\u00fasica Popular Brasileira (MPB), estilo que tem o poder de acalmar e acolher a todos que ouvem.<\/p>\n\n\n\n<p><strong>Data: <\/strong>14 de dezembro<\/p>\n\n\n\n<p><strong>Local:&nbsp;<\/strong>Coreto do Natal do Bem 2025<\/p>\n\n\n\n<p><strong>Hor\u00e1rio:<\/strong>&nbsp;21 horas<\/p>\n\n\n\n<p><strong>Organiza\u00e7\u00e3o das Volunt\u00e1rias de Goi\u00e1s \u2013 Governo de Goi\u00e1s<\/strong><\/p>\n","protected":false},"excerpt":{"rendered":"<p>Show com a cantora Aline Barros e apresenta\u00e7\u00f5es de musicais e de bal\u00e9 fazem parte da programa\u00e7\u00e3o do maior evento natalino gratuito do Brasil<\/p>\n","protected":false},"author":4,"featured_media":28629,"comment_status":"closed","ping_status":"closed","sticky":false,"template":"","format":"standard","meta":{"_acf_changed":false,"footnotes":""},"categories":[1],"tags":[],"class_list":["post-28628","post","type-post","status-publish","format-standard","has-post-thumbnail","hentry","category-noticias-ovg"],"acf":[],"_links":{"self":[{"href":"https:\/\/www.ovg.org.br\/site\/index.php?rest_route=\/wp\/v2\/posts\/28628","targetHints":{"allow":["GET"]}}],"collection":[{"href":"https:\/\/www.ovg.org.br\/site\/index.php?rest_route=\/wp\/v2\/posts"}],"about":[{"href":"https:\/\/www.ovg.org.br\/site\/index.php?rest_route=\/wp\/v2\/types\/post"}],"author":[{"embeddable":true,"href":"https:\/\/www.ovg.org.br\/site\/index.php?rest_route=\/wp\/v2\/users\/4"}],"replies":[{"embeddable":true,"href":"https:\/\/www.ovg.org.br\/site\/index.php?rest_route=%2Fwp%2Fv2%2Fcomments&post=28628"}],"version-history":[{"count":2,"href":"https:\/\/www.ovg.org.br\/site\/index.php?rest_route=\/wp\/v2\/posts\/28628\/revisions"}],"predecessor-version":[{"id":28671,"href":"https:\/\/www.ovg.org.br\/site\/index.php?rest_route=\/wp\/v2\/posts\/28628\/revisions\/28671"}],"wp:featuredmedia":[{"embeddable":true,"href":"https:\/\/www.ovg.org.br\/site\/index.php?rest_route=\/wp\/v2\/media\/28629"}],"wp:attachment":[{"href":"https:\/\/www.ovg.org.br\/site\/index.php?rest_route=%2Fwp%2Fv2%2Fmedia&parent=28628"}],"wp:term":[{"taxonomy":"category","embeddable":true,"href":"https:\/\/www.ovg.org.br\/site\/index.php?rest_route=%2Fwp%2Fv2%2Fcategories&post=28628"},{"taxonomy":"post_tag","embeddable":true,"href":"https:\/\/www.ovg.org.br\/site\/index.php?rest_route=%2Fwp%2Fv2%2Ftags&post=28628"}],"curies":[{"name":"wp","href":"https:\/\/api.w.org\/{rel}","templated":true}]}}