{"id":28844,"date":"2025-12-22T17:56:42","date_gmt":"2025-12-22T20:56:42","guid":{"rendered":"https:\/\/www.ovg.org.br\/site\/?p=28844"},"modified":"2025-12-22T17:58:08","modified_gmt":"2025-12-22T20:58:08","slug":"natal-do-bem-alcanca-a-marca-de-1-milhao-de-visitantes-e-ganha-destaque-nacional-e-internacional","status":"publish","type":"post","link":"https:\/\/www.ovg.org.br\/site\/?p=28844","title":{"rendered":"Natal do Bem alcan\u00e7a a marca de 1 milh\u00e3o de visitantes e ganha destaque nacional e internacional"},"content":{"rendered":"\n<p><strong>Lucas Dellamare<\/strong><\/p>\n\n\n\n<p>O Natal do Bem 2025 chega \u00e0 semana do Natal com mais de 1 milh\u00e3o de visitantes no Centro Cultural Oscar Niemeyer (CCON), em Goi\u00e2nia. Promovido pelo Governo do estado, por meio da Organiza\u00e7\u00e3o das Volunt\u00e1rias de Goi\u00e1s (OVG) e do Goi\u00e1s Social, o evento reafirma sua posi\u00e7\u00e3o como o maior Natal gratuito do Brasil e se consolida tamb\u00e9m como vitrine nacional e internacional da pol\u00edtica social desenvolvida no estado.<\/p>\n\n\n\n<p>At\u00e9 o dia 21 de dezembro, o p\u00fablico j\u00e1 soma 1.050.000 pessoas, refor\u00e7ando a expectativa de ultrapassar os 1,5 milh\u00e3o de visitantes alcan\u00e7ados em 2024. Mais do que n\u00fameros, o movimento intenso de fam\u00edlias, crian\u00e7as, jovens e idosos revela que o evento se tornou parte do calend\u00e1rio afetivo dos goianos.<\/p>\n\n\n<div class=\"wp-block-image\">\n<figure class=\"alignleft size-large is-resized\"><img loading=\"lazy\" decoding=\"async\" width=\"682\" height=\"1024\" src=\"https:\/\/www.ovg.org.br\/site\/wp-content\/uploads\/2025\/12\/WhatsApp-Image-2025-12-22-at-17.48.02-682x1024.jpeg\" alt=\"\" class=\"wp-image-28845\" style=\"width:363px;height:auto\" srcset=\"https:\/\/www.ovg.org.br\/site\/wp-content\/uploads\/2025\/12\/WhatsApp-Image-2025-12-22-at-17.48.02-682x1024.jpeg 682w, https:\/\/www.ovg.org.br\/site\/wp-content\/uploads\/2025\/12\/WhatsApp-Image-2025-12-22-at-17.48.02-200x300.jpeg 200w, https:\/\/www.ovg.org.br\/site\/wp-content\/uploads\/2025\/12\/WhatsApp-Image-2025-12-22-at-17.48.02-768x1152.jpeg 768w, https:\/\/www.ovg.org.br\/site\/wp-content\/uploads\/2025\/12\/WhatsApp-Image-2025-12-22-at-17.48.02-1024x1536.jpeg 1024w, https:\/\/www.ovg.org.br\/site\/wp-content\/uploads\/2025\/12\/WhatsApp-Image-2025-12-22-at-17.48.02-1365x2048.jpeg 1365w, https:\/\/www.ovg.org.br\/site\/wp-content\/uploads\/2025\/12\/WhatsApp-Image-2025-12-22-at-17.48.02.jpeg 1706w\" sizes=\"auto, (max-width: 682px) 100vw, 682px\" \/><\/figure>\n<\/div>\n\n\n<p>\u201cQuando vemos o espa\u00e7o cheio, com fam\u00edlias inteiras caminhando juntas, crian\u00e7as encantadas e pessoas se emocionando, temos a certeza de que o prop\u00f3sito est\u00e1 sendo cumprido. O Natal do Bem existe para acolher, levar alegria e criar mem\u00f3rias que permanecem. Esse \u00e9 o melhor resultado que poder\u00edamos alcan\u00e7ar\u201d, afirma a presidente de honra da OVG e coordenadora do Goi\u00e1s Social, primeira-dama Gracinha Caiado.<\/p>\n\n\n\n<p>A edi\u00e7\u00e3o 2025 do Natal do Bem ganhou destaque nacional em programas de grande audi\u00eancia, como o Mais Voc\u00ea, apresentado por Ana Maria Braga, e o Jornal Hoje, da TV Globo, levando para todo o pa\u00eds a grandiosidade do evento e o modelo de acesso gratuito adotado em Goi\u00e1s. A iniciativa tamb\u00e9m chegar\u00e1 ao p\u00fablico de outros pa\u00edses por meio da Empresa Brasil de Comunica\u00e7\u00e3o (EBC Internacional), ampliando a visibilidade do Natal do Bem no cen\u00e1rio internacional.<\/p>\n\n\n\n<p>Ao longo de seus mais de 30 mil metros quadrados, o Natal do Bem re\u00fane 3 milh\u00f5es de pontos de luz, decora\u00e7\u00e3o in\u00e9dita, esculturas em 3D, t\u00fanel de LED imersivo, vilas tem\u00e1ticas, brinquedos, atra\u00e7\u00f5es art\u00edsticas e apresenta\u00e7\u00f5es espalhadas pelo Pal\u00e1cio da M\u00fasica, Coreto e \u00e1reas externas. S\u00e3o mais de 300 apresenta\u00e7\u00f5es ao longo da programa\u00e7\u00e3o, al\u00e9m de estrutura completa com 12 mil vagas gratuitas de estacionamento, transporte p\u00fablico facilitado, atendimento m\u00e9dico, apoio da Pol\u00edcia Militar e do Corpo de Bombeiros.<\/p>\n\n\n\n<p>Segundo a diretora-geral da OVG, Adryanna Caiado, o crescimento cont\u00ednuo do p\u00fablico exige planejamento e refor\u00e7o di\u00e1rio da opera\u00e7\u00e3o. \u201cCada detalhe do Natal do Bem \u00e9 pensado para garantir conforto, seguran\u00e7a e uma experi\u00eancia positiva para quem visita o evento. Alcan\u00e7ar a marca de 1 milh\u00e3o de pessoas antes mesmo da semana do Natal mostra que estamos no caminho certo, com uma equipe preparada e uma estrutura que atende p\u00fablicos de todas as idades\u201d, destaca.<\/p>\n\n\n\n<p>Quem passa pelo Natal do Bem percebe de perto o impacto do evento. O motorista de aplicativo Jo\u00e3o Batista de Oliveira, que visitou o espa\u00e7o com a esposa e os netos, resume a experi\u00eancia. \u201cA gente percebe que \u00e9 tudo muito bem pensado. As crian\u00e7as ficam encantadas e os adultos conseguem aproveitar com tranquilidade. \u00c9 um passeio que d\u00e1 gosto de fazer\u201d, conta.<\/p>\n\n\n\n<p>A professora Ana Paula Moreira se impressionou com a dimens\u00e3o e a estrutura. \u201cEu j\u00e1 tinha visto na televis\u00e3o, mas estar aqui \u00e9 diferente. \u00c9 um espa\u00e7o grande, bonito e acess\u00edvel, onde todo mundo consegue aproveitar, independentemente da idade\u201d, afirma. J\u00e1 o aposentado Sebasti\u00e3o Rodrigues da Silva destaca o car\u00e1ter social do evento. \u201c\u00c9 um Natal que n\u00e3o exclui ningu\u00e9m. Tudo \u00e9 gratuito, organizado e feito com carinho. Isso faz muita diferen\u00e7a para quem vem com a fam\u00edlia\u201d, diz.<\/p>\n\n\n<div class=\"wp-block-image\">\n<figure class=\"alignright size-large is-resized\"><img loading=\"lazy\" decoding=\"async\" width=\"1024\" height=\"576\" src=\"https:\/\/www.ovg.org.br\/site\/wp-content\/uploads\/2025\/12\/WhatsApp-Image-2025-12-22-at-17.48.01-1-1024x576.jpeg\" alt=\"\" class=\"wp-image-28850\" style=\"width:449px;height:auto\" srcset=\"https:\/\/www.ovg.org.br\/site\/wp-content\/uploads\/2025\/12\/WhatsApp-Image-2025-12-22-at-17.48.01-1-1024x576.jpeg 1024w, https:\/\/www.ovg.org.br\/site\/wp-content\/uploads\/2025\/12\/WhatsApp-Image-2025-12-22-at-17.48.01-1-300x169.jpeg 300w, https:\/\/www.ovg.org.br\/site\/wp-content\/uploads\/2025\/12\/WhatsApp-Image-2025-12-22-at-17.48.01-1-768x432.jpeg 768w, https:\/\/www.ovg.org.br\/site\/wp-content\/uploads\/2025\/12\/WhatsApp-Image-2025-12-22-at-17.48.01-1-1536x864.jpeg 1536w, https:\/\/www.ovg.org.br\/site\/wp-content\/uploads\/2025\/12\/WhatsApp-Image-2025-12-22-at-17.48.01-1-2048x1152.jpeg 2048w\" sizes=\"auto, (max-width: 1024px) 100vw, 1024px\" \/><\/figure>\n<\/div>\n\n\n<p><strong>Natal do Bem<br><\/strong>Desde 2019, o Natal do Bem tem crescido ano ap\u00f3s ano, saindo de cerca de 90 mil visitantes, na Pra\u00e7a C\u00edvica, para atingir a marca de 1 milh\u00e3o de pessoas em 2023 e 1,5 milh\u00e3o em 2024. Em 2025, ainda antes do encerramento da programa\u00e7\u00e3o, o evento j\u00e1 reafirma sua dimens\u00e3o hist\u00f3rica e social.<\/p>\n\n\n\n<p>Ao chegar \u00e0 semana do Natal com reconhecimento do p\u00fablico e da m\u00eddia, o Natal do Bem refor\u00e7a n\u00e3o apenas a magia das luzes, mas o compromisso permanente da OVG e do Goi\u00e1s Social em promover cultura, lazer, inclus\u00e3o e dignidade para as fam\u00edlias goianas.<\/p>\n\n\n\n<p>Na semana do Natal, o evento funciona tamb\u00e9m nesta segunda-feira, das 18h \u00e0s 23h. J\u00e1 na v\u00e9spera de Natal (24\/12), o hor\u00e1rio ser\u00e1 especial, das 17h \u00e0s 21h, permitindo que as fam\u00edlias visitem o complexo antes das celebra\u00e7\u00f5es natalinas.<\/p>\n\n\n\n<p><strong>Organiza\u00e7\u00e3o das Volunt\u00e1rias de Goi\u00e1s (OVG) | Goi\u00e1s Social \u2013 Governo de Goi\u00e1s<\/strong><\/p>\n","protected":false},"excerpt":{"rendered":"<p>Maior evento natalino gratuito do Brasil consolida crescimento hist\u00f3rico, amplia proje\u00e7\u00e3o de Goi\u00e1s na m\u00eddia e refor\u00e7a o compromisso social da OVG e do Goi\u00e1s Social<\/p>\n","protected":false},"author":8,"featured_media":28846,"comment_status":"closed","ping_status":"closed","sticky":false,"template":"","format":"standard","meta":{"_acf_changed":false,"footnotes":""},"categories":[1],"tags":[],"class_list":["post-28844","post","type-post","status-publish","format-standard","has-post-thumbnail","hentry","category-noticias-ovg"],"acf":[],"_links":{"self":[{"href":"https:\/\/www.ovg.org.br\/site\/index.php?rest_route=\/wp\/v2\/posts\/28844","targetHints":{"allow":["GET"]}}],"collection":[{"href":"https:\/\/www.ovg.org.br\/site\/index.php?rest_route=\/wp\/v2\/posts"}],"about":[{"href":"https:\/\/www.ovg.org.br\/site\/index.php?rest_route=\/wp\/v2\/types\/post"}],"author":[{"embeddable":true,"href":"https:\/\/www.ovg.org.br\/site\/index.php?rest_route=\/wp\/v2\/users\/8"}],"replies":[{"embeddable":true,"href":"https:\/\/www.ovg.org.br\/site\/index.php?rest_route=%2Fwp%2Fv2%2Fcomments&post=28844"}],"version-history":[{"count":5,"href":"https:\/\/www.ovg.org.br\/site\/index.php?rest_route=\/wp\/v2\/posts\/28844\/revisions"}],"predecessor-version":[{"id":28854,"href":"https:\/\/www.ovg.org.br\/site\/index.php?rest_route=\/wp\/v2\/posts\/28844\/revisions\/28854"}],"wp:featuredmedia":[{"embeddable":true,"href":"https:\/\/www.ovg.org.br\/site\/index.php?rest_route=\/wp\/v2\/media\/28846"}],"wp:attachment":[{"href":"https:\/\/www.ovg.org.br\/site\/index.php?rest_route=%2Fwp%2Fv2%2Fmedia&parent=28844"}],"wp:term":[{"taxonomy":"category","embeddable":true,"href":"https:\/\/www.ovg.org.br\/site\/index.php?rest_route=%2Fwp%2Fv2%2Fcategories&post=28844"},{"taxonomy":"post_tag","embeddable":true,"href":"https:\/\/www.ovg.org.br\/site\/index.php?rest_route=%2Fwp%2Fv2%2Ftags&post=28844"}],"curies":[{"name":"wp","href":"https:\/\/api.w.org\/{rel}","templated":true}]}}