{"id":29680,"date":"2026-03-12T09:54:22","date_gmt":"2026-03-12T12:54:22","guid":{"rendered":"https:\/\/www.ovg.org.br\/site\/?p=29680"},"modified":"2026-03-12T09:54:23","modified_gmt":"2026-03-12T12:54:23","slug":"daniel-vilela-entrega-restaurante-do-bem-em-uruacu","status":"publish","type":"post","link":"https:\/\/www.ovg.org.br\/site\/?p=29680","title":{"rendered":"Daniel Vilela entrega Restaurante do Bem em Urua\u00e7u"},"content":{"rendered":"\n<p class=\"has-text-align-center has-small-font-size\">Daniel Vilela entrega novo restaurante do Bem a popula\u00e7\u00e3o de Urua\u00e7u<\/p>\n\n\n\n<p>O vice-governador Daniel Vilela inaugurou nesta quarta-feira (11\/3) a nova unidade do Restaurante do Bem em Urua\u00e7u, na regi\u00e3o norte do Estado. Com investimento superior a R$ 1 milh\u00e3o, por meio do Goi\u00e1s Social e da Organiza\u00e7\u00e3o das Volunt\u00e1rias de Goi\u00e1s (OVG), o estabelecimento, localizado na Avenida Tocantins, no Setor Central, ter\u00e1 capacidade para servir 530 refei\u00e7\u00f5es por dia, ao valor simb\u00f3lico de R$ 2 cada.<\/p>\n\n\n\n<p>Durante a entrega, Daniel Vilela destacou que o programa \u00e9 uma das principais iniciativas do Governo de Goi\u00e1s para garantir seguran\u00e7a alimentar \u00e0 popula\u00e7\u00e3o em situa\u00e7\u00e3o de vulnerabilidade social. \u201cEsse restaurante faz parte da maior rede de prote\u00e7\u00e3o social do Brasil, liderada pela primeira-dama Gracinha Caiado. Nosso compromisso \u00e9 n\u00e3o deixar ningu\u00e9m para tr\u00e1s e garantir dignidade para as fam\u00edlias que mais precisam. Aqui em Urua\u00e7u, ser\u00e3o 530 refei\u00e7\u00f5es di\u00e1rias por apenas R$ 2, oferecendo alimenta\u00e7\u00e3o de qualidade para quem precisa\u201d, afirmou.<\/p>\n\n\n\n<p>A nova unidade conta com ambiente climatizado, equipamentos novos e mobili\u00e1rio moderno, seguindo o padr\u00e3o do programa para garantir mais conforto, dignidade e qualidade no atendimento. As refei\u00e7\u00f5es s\u00e3o completas, saud\u00e1veis e balanceadas, com card\u00e1pio elaborado por nutricionistas. O atendimento ser\u00e1 de segunda a sexta-feira, das 10h30 \u00e0s 14h.<\/p>\n\n\n\n<p>&#8220;A Organiza\u00e7\u00e3o das Volunt\u00e1rias de Goi\u00e1s (OVG) e o Goi\u00e1s Social seguem na luta pela manuten\u00e7\u00e3o da dignidade humana e o combate \u00e0 fome no Estado. Urua\u00e7u tem muito a ganhar com essa nova unidade&#8221;, destacou a diretora de Unidades Socioassistencias da OVG, Roberta Wendorf Carvalho.<\/p>\n\n\n\n<p>Moradora de Urua\u00e7u, Lindamar de Oliveira Santos, de 61 anos, comemorou a chegada do restaurante e destacou a import\u00e2ncia do pre\u00e7o acess\u00edvel para a popula\u00e7\u00e3o. \u201cEstou achando muito bom esse restaurante por R$ 2, porque tem muita gente que precisa da comida e n\u00e3o consegue pagar R$ 20 ou R$ 25 em um almo\u00e7o. Fiquei muito feliz com essa inaugura\u00e7\u00e3o. Vai garantir uma comida de qualidade para quem precisa\u201d, afirmou.<\/p>\n\n\n\n<p>O prefeito de Urua\u00e7u, Azarias Machado Neto, tamb\u00e9m destacou a import\u00e2ncia da parceria com o Governo de Goi\u00e1s para levar pol\u00edticas p\u00fablicas ao munic\u00edpio. \u201cEsse restaurante vai atender muitas pessoas que trabalham o dia inteiro e, \u00e0s vezes, n\u00e3o t\u00eam condi\u00e7\u00f5es de pagar uma refei\u00e7\u00e3o em um restaurante. \u00c9 uma conquista muito importante para Urua\u00e7u e para toda a nossa popula\u00e7\u00e3o, fruto da parceria com o Governo de Goi\u00e1s\u201d, afirmou.<\/p>\n\n\n\n<p><strong>Capilaridade<\/strong><br>Desde 2019, o programa Restaurante do Bem j\u00e1 serviu mais de 24 milh\u00f5es de refei\u00e7\u00f5es, com investimentos que ultrapassam R$ 177 milh\u00f5es. A iniciativa garante seguran\u00e7a alimentar e nutricional \u00e0 popula\u00e7\u00e3o em situa\u00e7\u00e3o de vulnerabilidade social. Al\u00e9m de Urua\u00e7u, est\u00e1 presente em outros munic\u00edpios: Goi\u00e2nia (2 unidades), An\u00e1polis (2), Luzi\u00e2nia (2), \u00c1guas Lindas de Goi\u00e1s, Aparecida de Goi\u00e2nia, Caldas Novas, Cavalcante, Goian\u00e9sia, Inhumas, Jaragu\u00e1, Mina\u00e7u, Quirin\u00f3polis, Rio Verde, Santa Helena de Goi\u00e1s, Santo Ant\u00f4nio do Descoberto, Valpara\u00edso de Goi\u00e1s e Trindade. <\/p>\n\n\n\n<p><strong>Secretaria de Comunica\u00e7\u00e3o \u2013 Governo de Goi\u00e1s<\/strong><\/p>\n\n\n\n<p><\/p>\n","protected":false},"excerpt":{"rendered":"<p>Unidade vai servir 530 refei\u00e7\u00f5es di\u00e1rias por R$ 2 e refor\u00e7a a rede de seguran\u00e7a alimentar no norte do Estado por meio do Goi\u00e1s Social<\/p>\n","protected":false},"author":4,"featured_media":29681,"comment_status":"closed","ping_status":"closed","sticky":false,"template":"","format":"standard","meta":{"_acf_changed":false,"footnotes":""},"categories":[1],"tags":[],"class_list":["post-29680","post","type-post","status-publish","format-standard","has-post-thumbnail","hentry","category-noticias-ovg"],"acf":[],"_links":{"self":[{"href":"https:\/\/www.ovg.org.br\/site\/index.php?rest_route=\/wp\/v2\/posts\/29680","targetHints":{"allow":["GET"]}}],"collection":[{"href":"https:\/\/www.ovg.org.br\/site\/index.php?rest_route=\/wp\/v2\/posts"}],"about":[{"href":"https:\/\/www.ovg.org.br\/site\/index.php?rest_route=\/wp\/v2\/types\/post"}],"author":[{"embeddable":true,"href":"https:\/\/www.ovg.org.br\/site\/index.php?rest_route=\/wp\/v2\/users\/4"}],"replies":[{"embeddable":true,"href":"https:\/\/www.ovg.org.br\/site\/index.php?rest_route=%2Fwp%2Fv2%2Fcomments&post=29680"}],"version-history":[{"count":1,"href":"https:\/\/www.ovg.org.br\/site\/index.php?rest_route=\/wp\/v2\/posts\/29680\/revisions"}],"predecessor-version":[{"id":29682,"href":"https:\/\/www.ovg.org.br\/site\/index.php?rest_route=\/wp\/v2\/posts\/29680\/revisions\/29682"}],"wp:featuredmedia":[{"embeddable":true,"href":"https:\/\/www.ovg.org.br\/site\/index.php?rest_route=\/wp\/v2\/media\/29681"}],"wp:attachment":[{"href":"https:\/\/www.ovg.org.br\/site\/index.php?rest_route=%2Fwp%2Fv2%2Fmedia&parent=29680"}],"wp:term":[{"taxonomy":"category","embeddable":true,"href":"https:\/\/www.ovg.org.br\/site\/index.php?rest_route=%2Fwp%2Fv2%2Fcategories&post=29680"},{"taxonomy":"post_tag","embeddable":true,"href":"https:\/\/www.ovg.org.br\/site\/index.php?rest_route=%2Fwp%2Fv2%2Ftags&post=29680"}],"curies":[{"name":"wp","href":"https:\/\/api.w.org\/{rel}","templated":true}]}}