{"id":29722,"date":"2026-03-18T16:03:51","date_gmt":"2026-03-18T19:03:51","guid":{"rendered":"https:\/\/www.ovg.org.br\/site\/?p=29722"},"modified":"2026-03-18T16:03:52","modified_gmt":"2026-03-18T19:03:52","slug":"gracinha-caiado-inaugura-restaurante-do-bem-em-niquelandia","status":"publish","type":"post","link":"https:\/\/www.ovg.org.br\/site\/?p=29722","title":{"rendered":"Gracinha Caiado inaugura Restaurante do Bem em Niquel\u00e2ndia"},"content":{"rendered":"\n<p class=\"has-text-align-center has-small-font-size\">Com capacidade di\u00e1ria para servir 500 refei\u00e7\u00f5es, o espa\u00e7o oferece alimenta\u00e7\u00e3o completa, com card\u00e1pio elaborado por nutricionistas, por apenas R$ 2<\/p>\n\n\n\n<p>A coordenadora do Goi\u00e1s Social, primeira-dama Gracinha Caiado, inaugurou nesta quarta-feira (18\/3) a unidade do Restaurante do Bem em Niquel\u00e2ndia, cidade no Norte goiano, que completa 291 anos na pr\u00f3xima quinta-feira (19\/3). Com capacidade di\u00e1ria para servir 500 refei\u00e7\u00f5es, o espa\u00e7o oferece alimenta\u00e7\u00e3o completa, com card\u00e1pio elaborado por nutricionistas, por apenas R$ 2.<\/p>\n\n\n\n<p>&#8220;O Restaurante do Bem nasceu com a vis\u00e3o de que n\u00e3o \u00e9 poss\u00edvel falar em desenvolvimento sem dar o b\u00e1sico \u00e0s pessoas, que \u00e9 o alimento na mesa. O combate \u00e0 fome se transformou em prioridade desse governo. \u00c9 o 22\u00ba restaurante que entregamos e, para mim, \u00e9 uma alegria maior ainda fazer parte dessa festa que Niquel\u00e2ndia vive&#8221;, afirmou Gracinha.<\/p>\n\n\n\n<p>O espa\u00e7o conta com estrutura climatizada, equipamentos novos e mobili\u00e1rio moderno, garantindo mais conforto, dignidade e qualidade no atendimento aos usu\u00e1rios. A loca\u00e7\u00e3o do pr\u00e9dio e as obras da unidade s\u00e3o de responsabilidade da Organiza\u00e7\u00e3o das Volunt\u00e1rias de Goi\u00e1s (OVG), que investiu R$ 924 mil.<\/p>\n\n\n\n<p>O vice-governador Daniel Vilela definiu o Restaurante do Bem como uma extens\u00e3o da pol\u00edtica de promo\u00e7\u00e3o da igualdade em todas as regi\u00f5es do estado. &#8220;\u00c9 um equipamento que visa garantir a seguran\u00e7a alimentar das pessoas na regi\u00e3o. Precisamos, como governo, estar em todos os cantos. Os goianos n\u00e3o vivem s\u00f3 na Regi\u00e3o Metropolitana e precisam ser atendidos com a mesma qualidade, com todos os servi\u00e7os e programas que est\u00e3o l\u00e1, principalmente na \u00e1rea social&#8221;, pontuou.<\/p>\n\n\n\n<p>&#8220;O Restaurante do Bem \u00e9 a prova concreta da busca pela justi\u00e7a social, pela dignidade alimentar e, principalmente, pelo combate \u00e0 fome. Esse programa refor\u00e7a o compromisso de uma gest\u00e3o pautada pelo bem-estar da popula\u00e7\u00e3o e exercida com seriedade e compromisso&#8221;, disse a diretora de Unidades Socioassistenciais da OVG, Roberta Wendorf. &#8220;Vai salvar vidas em Niquel\u00e2ndia, matando a fome de fam\u00edlias na cidade e na zona rural que necessitam de um prato de comida&#8221;, falou a primeira-dama do Niquel\u00e2ndia, Claudia Arantes.<\/p>\n\n\n\n<p>Instalado na Avenida Brasil, esquina com a Rua 1, Quadra 37, Lote 95, Setor Vila Piren\u00f3polis, o hor\u00e1rio de funcionamento do Restaurante do Bem em Niquel\u00e2ndia \u00e9 de segunda a sexta-feira, das 10h30 \u00e0s 14h. Esta \u00e9 a 22\u00aa unidade do Programa no estado, sendo a terceira do norte goiano, que j\u00e1 conta com unidades em Mina\u00e7u e Urua\u00e7u.<\/p>\n\n\n\n<p>&#8220;O Estado \u00e9 um parceiro de Niquel\u00e2ndia. Tenho orgulho de fazer parte dessa equipe e de ter as portas abertas no governo. \u00c9 essa uni\u00e3o de for\u00e7as que faz a gente ter uma riqueza maior e melhor&#8221;, destacou o prefeito Eduardo Moreira.<\/p>\n\n\n\n<p>O Programa Restaurante do Bem oferece refei\u00e7\u00f5es caseiras e nutritivas, garantindo seguran\u00e7a alimentar e nutricional para quem est\u00e1 em situa\u00e7\u00e3o de vulnerabilidade social. As refei\u00e7\u00f5es incluem salada, prato principal, acompanhamento e sobremesa, com alto valor nutricional.<\/p>\n\n\n\n<p>A dona de casa Miriam Ferreira compareceu \u00e0 inaugura\u00e7\u00e3o e almo\u00e7ou no novo Restaurante do Bem. Ela afirmou que o espa\u00e7o chega para auxiliar moradores da cidade e de munic\u00edpios vizinhos. \u201cAchei \u00f3timo o restaurante. Vai ajudar muito as pessoas daqui e do entorno. Muitas vezes, elas trabalham em Niquel\u00e2ndia e fica tarde e longe para ir em casa, para comer. As pessoas precisam e essa unidade vai ajudar bastante\u201d, falou.<\/p>\n\n\n\n<p><strong>Secretaria de Comunica\u00e7\u00e3o &#8211; Governo de Goi\u00e1s<\/strong><\/p>\n","protected":false},"excerpt":{"rendered":"<p>Esta \u00e9 a 22\u00aa unidade do Programa no estado, sendo a terceira do norte goiano, que j\u00e1 conta com unidades em Mina\u00e7u e Urua\u00e7u<\/p>\n","protected":false},"author":4,"featured_media":29723,"comment_status":"closed","ping_status":"closed","sticky":false,"template":"","format":"standard","meta":{"_acf_changed":false,"footnotes":""},"categories":[1],"tags":[],"class_list":["post-29722","post","type-post","status-publish","format-standard","has-post-thumbnail","hentry","category-noticias-ovg"],"acf":[],"_links":{"self":[{"href":"https:\/\/www.ovg.org.br\/site\/index.php?rest_route=\/wp\/v2\/posts\/29722","targetHints":{"allow":["GET"]}}],"collection":[{"href":"https:\/\/www.ovg.org.br\/site\/index.php?rest_route=\/wp\/v2\/posts"}],"about":[{"href":"https:\/\/www.ovg.org.br\/site\/index.php?rest_route=\/wp\/v2\/types\/post"}],"author":[{"embeddable":true,"href":"https:\/\/www.ovg.org.br\/site\/index.php?rest_route=\/wp\/v2\/users\/4"}],"replies":[{"embeddable":true,"href":"https:\/\/www.ovg.org.br\/site\/index.php?rest_route=%2Fwp%2Fv2%2Fcomments&post=29722"}],"version-history":[{"count":1,"href":"https:\/\/www.ovg.org.br\/site\/index.php?rest_route=\/wp\/v2\/posts\/29722\/revisions"}],"predecessor-version":[{"id":29724,"href":"https:\/\/www.ovg.org.br\/site\/index.php?rest_route=\/wp\/v2\/posts\/29722\/revisions\/29724"}],"wp:featuredmedia":[{"embeddable":true,"href":"https:\/\/www.ovg.org.br\/site\/index.php?rest_route=\/wp\/v2\/media\/29723"}],"wp:attachment":[{"href":"https:\/\/www.ovg.org.br\/site\/index.php?rest_route=%2Fwp%2Fv2%2Fmedia&parent=29722"}],"wp:term":[{"taxonomy":"category","embeddable":true,"href":"https:\/\/www.ovg.org.br\/site\/index.php?rest_route=%2Fwp%2Fv2%2Fcategories&post=29722"},{"taxonomy":"post_tag","embeddable":true,"href":"https:\/\/www.ovg.org.br\/site\/index.php?rest_route=%2Fwp%2Fv2%2Ftags&post=29722"}],"curies":[{"name":"wp","href":"https:\/\/api.w.org\/{rel}","templated":true}]}}