{"id":29992,"date":"2026-04-29T17:11:52","date_gmt":"2026-04-29T20:11:52","guid":{"rendered":"https:\/\/www.ovg.org.br\/site\/?p=29992"},"modified":"2026-04-29T17:12:37","modified_gmt":"2026-04-29T20:12:37","slug":"governo-de-goias-reinaugura-restaurante-do-bem-em-rio-verde","status":"publish","type":"post","link":"https:\/\/www.ovg.org.br\/site\/?p=29992","title":{"rendered":"Governo de Goi\u00e1s reinaugura Restaurante do Bem em Rio Verde"},"content":{"rendered":"\n<p><strong>Elis\u00e2ngela Vieira<\/strong><\/p>\n\n\n\n<p>O Governo do Estado, por meio da Organiza\u00e7\u00e3o das Volunt\u00e1rias de Goi\u00e1s (OVG), reinaugurou, nesta quarta-feira (29\/4), o Restaurante do Bem em Rio Verde. O espa\u00e7o passou por ampla moderniza\u00e7\u00e3o e reestrutura\u00e7\u00e3o e agora disp\u00f5e de um sal\u00e3o de refei\u00e7\u00f5es climatizado e equipamentos de \u00faltima gera\u00e7\u00e3o. O investimento na unidade foi de R$ 339 mil.<\/p>\n\n\n<div class=\"wp-block-image\">\n<figure class=\"alignleft size-large is-resized\"><img loading=\"lazy\" decoding=\"async\" width=\"1024\" height=\"682\" src=\"https:\/\/www.ovg.org.br\/site\/wp-content\/uploads\/2026\/04\/WhatsApp-Image-2026-04-29-at-16.29.57-1-1024x682.jpeg\" alt=\"\" class=\"wp-image-29994\" style=\"aspect-ratio:1.5014984159602707;width:417px;height:auto\" srcset=\"https:\/\/www.ovg.org.br\/site\/wp-content\/uploads\/2026\/04\/WhatsApp-Image-2026-04-29-at-16.29.57-1-1024x682.jpeg 1024w, https:\/\/www.ovg.org.br\/site\/wp-content\/uploads\/2026\/04\/WhatsApp-Image-2026-04-29-at-16.29.57-1-300x200.jpeg 300w, https:\/\/www.ovg.org.br\/site\/wp-content\/uploads\/2026\/04\/WhatsApp-Image-2026-04-29-at-16.29.57-1-768x512.jpeg 768w, https:\/\/www.ovg.org.br\/site\/wp-content\/uploads\/2026\/04\/WhatsApp-Image-2026-04-29-at-16.29.57-1-1536x1024.jpeg 1536w, https:\/\/www.ovg.org.br\/site\/wp-content\/uploads\/2026\/04\/WhatsApp-Image-2026-04-29-at-16.29.57-1-2048x1365.jpeg 2048w\" sizes=\"auto, (max-width: 1024px) 100vw, 1024px\" \/><\/figure>\n<\/div>\n\n\n<p>Localizado na Avenida Presidente Vargas, n\u00ba 2.679, quadra 51, lote 07, no Bairro Jardim Goi\u00e1s, o espa\u00e7o funciona de segunda a sexta-feira, das 11h \u00e0s 13h, com capacidade para servir 1.200 refei\u00e7\u00f5es di\u00e1rias, ao pre\u00e7o social de R$ 2. Administrado pela OVG, em pr\u00e9dio cedido pelo munic\u00edpio de Rio Verde, a unidade j\u00e1 ofertou, desde 2019, mais de 1,9 milh\u00e3o de refei\u00e7\u00f5es, com investimento de R$ 12 milh\u00f5es.<\/p>\n\n\n\n<p>A diretora-geral da OVG, Adryanna Melo Caiado, pontuou que a reforma foi necess\u00e1ria porque o im\u00f3vel j\u00e1 n\u00e3o atendia \u00e0 proposta ideal de funcionamento nem aos padr\u00f5es exigidos pelo programa. Segundo ela, a iniciativa vai al\u00e9m da oferta de refei\u00e7\u00f5es. \u201cEsse \u00e9 um trabalho que envolve acolhimento, respeito e promo\u00e7\u00e3o da dignidade\u201d, destacou, ao ressaltar que as reformas na estrutura f\u00edsica da unidade foram planejadas para garantir mais conforto e melhores condi\u00e7\u00f5es de atendimento aos usu\u00e1rios.<\/p>\n\n\n\n<p>Diretora de Unidades Socioassistenciais da OVG, Roberta Wendorf Carvalho afirmou que as unidades do Restaurante do Bem seguem o novo padr\u00e3o de moderniza\u00e7\u00e3o, implantado pelo programa desde 2019. Ela enfatizou que o cuidado com o servi\u00e7o est\u00e1 em todas as etapas. \u201cO card\u00e1pio \u00e9 elaborado por nutricionistas, garantindo o consumo de verduras, legumes e frutas. As refei\u00e7\u00f5es s\u00e3o preparadas na pr\u00f3pria cozinha, servidas em um ambiente confort\u00e1vel e limpo. Al\u00e9m disso, contamos com fiscais capacitados para assegurar qualidade e o bom atendimento, que \u00e9 a nossa prioridade\u201d, frisou.<\/p>\n\n\n\n<p>O prefeito de Rio Verde, Wellington Carrijo, afirmou que o novo espa\u00e7o se consolida como refer\u00eancia em inclus\u00e3o e cuidado social. Segundo ele, a nova estrutura refor\u00e7a o compromisso da administra\u00e7\u00e3o estadual com a assist\u00eancia social. \u201cEstamos muito gratos por essa nova estrutura, que confirma que o Governo de Goi\u00e1s faz a assist\u00eancia social em sua ess\u00eancia. O Restaurante do Bem \u00e9 exemplo de seguran\u00e7a alimentar e nutricional e de inclus\u00e3o social\u201d, afirma.<\/p>\n\n\n\n<p>O morador de Rio Verde Alcione Medeiros de Souza, de 67 anos, que participou do almo\u00e7o de reinaugura\u00e7\u00e3o, aprovou as melhorias no ambiente e destacou o atendimento no local. \u201c\u00c9 muito bom ter uma oportunidade dessa, de se alimentar bem. Aprovei o card\u00e1pio e dou nota dez para os cozinheiros\u201d, avaliou.<\/p>\n\n\n\n<p>Atualmente, 22 unidades do Restaurante do Bem est\u00e3o em funcionamento em Goi\u00e1s, tanto na capital quanto no interior. Desde 2019, juntas, j\u00e1 serviram 24,9 milh\u00f5es de refei\u00e7\u00f5es.<\/p>\n\n\n\n<p><strong>Organiza\u00e7\u00e3o das Volunt\u00e1rias de Goi\u00e1s (OVG) | Goi\u00e1s Social &#8211; Governo de Goi\u00e1s<\/strong><\/p>\n","protected":false},"excerpt":{"rendered":"<p>Unidade retoma atendimento com refei\u00e7\u00f5es a R$ 2 e capacidade para 1,2 mil pessoas por dia<\/p>\n","protected":false},"author":8,"featured_media":29993,"comment_status":"closed","ping_status":"closed","sticky":false,"template":"","format":"standard","meta":{"_acf_changed":false,"footnotes":""},"categories":[1],"tags":[],"class_list":["post-29992","post","type-post","status-publish","format-standard","has-post-thumbnail","hentry","category-noticias-ovg"],"acf":[],"_links":{"self":[{"href":"https:\/\/www.ovg.org.br\/site\/index.php?rest_route=\/wp\/v2\/posts\/29992","targetHints":{"allow":["GET"]}}],"collection":[{"href":"https:\/\/www.ovg.org.br\/site\/index.php?rest_route=\/wp\/v2\/posts"}],"about":[{"href":"https:\/\/www.ovg.org.br\/site\/index.php?rest_route=\/wp\/v2\/types\/post"}],"author":[{"embeddable":true,"href":"https:\/\/www.ovg.org.br\/site\/index.php?rest_route=\/wp\/v2\/users\/8"}],"replies":[{"embeddable":true,"href":"https:\/\/www.ovg.org.br\/site\/index.php?rest_route=%2Fwp%2Fv2%2Fcomments&post=29992"}],"version-history":[{"count":2,"href":"https:\/\/www.ovg.org.br\/site\/index.php?rest_route=\/wp\/v2\/posts\/29992\/revisions"}],"predecessor-version":[{"id":29996,"href":"https:\/\/www.ovg.org.br\/site\/index.php?rest_route=\/wp\/v2\/posts\/29992\/revisions\/29996"}],"wp:featuredmedia":[{"embeddable":true,"href":"https:\/\/www.ovg.org.br\/site\/index.php?rest_route=\/wp\/v2\/media\/29993"}],"wp:attachment":[{"href":"https:\/\/www.ovg.org.br\/site\/index.php?rest_route=%2Fwp%2Fv2%2Fmedia&parent=29992"}],"wp:term":[{"taxonomy":"category","embeddable":true,"href":"https:\/\/www.ovg.org.br\/site\/index.php?rest_route=%2Fwp%2Fv2%2Fcategories&post=29992"},{"taxonomy":"post_tag","embeddable":true,"href":"https:\/\/www.ovg.org.br\/site\/index.php?rest_route=%2Fwp%2Fv2%2Ftags&post=29992"}],"curies":[{"name":"wp","href":"https:\/\/api.w.org\/{rel}","templated":true}]}}