{"id":29997,"date":"2026-04-30T10:01:57","date_gmt":"2026-04-30T13:01:57","guid":{"rendered":"https:\/\/www.ovg.org.br\/site\/?p=29997"},"modified":"2026-04-30T10:02:38","modified_gmt":"2026-04-30T13:02:38","slug":"saude-e-alegria-idosos-do-vila-vida-dao-exemplo-de-prevencao-com-vacinacao-e-manha-de-forro","status":"publish","type":"post","link":"https:\/\/www.ovg.org.br\/site\/?p=29997","title":{"rendered":"Sa\u00fade e alegria: idosos do Vila Vida d\u00e3o exemplo de preven\u00e7\u00e3o com vacina\u00e7\u00e3o e manh\u00e3 de forr\u00f3"},"content":{"rendered":"\n<p><strong>Lucas Dellamare<\/strong><\/p>\n\n\n\n<p>O Centro de Idosos Vila Vida, unidade do Governo de Goi\u00e1s mantida pela Organiza\u00e7\u00e3o das Volunt\u00e1rias de Goi\u00e1s (OVG) e pelo Goi\u00e1s Social, transformou a manh\u00e3 desta quarta-feira (29) em um verdadeiro festival de cuidado e anima\u00e7\u00e3o. Em um cen\u00e1rio de alerta para o aumento de s\u00edndromes respirat\u00f3rias no Estado, a institui\u00e7\u00e3o promoveu uma a\u00e7\u00e3o estrat\u00e9gica que uniu a atualiza\u00e7\u00e3o do cart\u00e3o de vacina a uma animada manh\u00e3 de forr\u00f3, refor\u00e7ando que a preven\u00e7\u00e3o \u00e9 o melhor caminho para uma longevidade saud\u00e1vel.<\/p>\n\n\n<div class=\"wp-block-image\">\n<figure class=\"alignleft size-large is-resized\"><img loading=\"lazy\" decoding=\"async\" width=\"1024\" height=\"768\" src=\"https:\/\/www.ovg.org.br\/site\/wp-content\/uploads\/2026\/04\/WhatsApp-Image-2026-04-30-at-09.52.22-1-1024x768.jpeg\" alt=\"\" class=\"wp-image-30000\" style=\"width:403px;height:auto\" srcset=\"https:\/\/www.ovg.org.br\/site\/wp-content\/uploads\/2026\/04\/WhatsApp-Image-2026-04-30-at-09.52.22-1-1024x768.jpeg 1024w, https:\/\/www.ovg.org.br\/site\/wp-content\/uploads\/2026\/04\/WhatsApp-Image-2026-04-30-at-09.52.22-1-300x225.jpeg 300w, https:\/\/www.ovg.org.br\/site\/wp-content\/uploads\/2026\/04\/WhatsApp-Image-2026-04-30-at-09.52.22-1-768x576.jpeg 768w, https:\/\/www.ovg.org.br\/site\/wp-content\/uploads\/2026\/04\/WhatsApp-Image-2026-04-30-at-09.52.22-1.jpeg 1280w\" sizes=\"auto, (max-width: 1024px) 100vw, 1024px\" \/><\/figure>\n<\/div>\n\n\n<p>O evento no Vila Vida coroa um esfor\u00e7o intensificado realizado durante todo o m\u00eas de abril. A OVG garantiu que a imuniza\u00e7\u00e3o chegasse a 100% de sua rede de atendimento \u00e0 Pessoa Idosa, realizando a vacina\u00e7\u00e3o de moradores e colaboradores nos Centros de Idosos Vila Vida e Sagrada Fam\u00edlia, al\u00e9m dos Espa\u00e7os Bem Viver I, II e III. A estrat\u00e9gia visa criar uma barreira de prote\u00e7\u00e3o em todas as unidades que acolhem o p\u00fablico acima de 60 anos, grupo considerado priorit\u00e1rio pelas autoridades de sa\u00fade.<\/p>\n\n\n\n<p>A diretora-geral da OVG, Adryanna Caiado, destacou a abrang\u00eancia do trabalho. &#8220;Nossa miss\u00e3o no Goi\u00e1s Social \u00e9 cuidar das pessoas por inteiro e de forma onipresente em nossas frentes de trabalho. Este m\u00eas, recebemos as equipes de sa\u00fade em todas as nossas unidades de idosos para garantir que todos estejam protegidos. Ver o Vila Vida celebrando essa meta com m\u00fasica e sorrisos \u00e9 a maior prova de que o cuidado humanizado salva vidas&#8221;, afirmou Adryanna.<\/p>\n\n\n\n<p><strong>Preven\u00e7\u00e3o e bem-estar<br><\/strong>A log\u00edstica da a\u00e7\u00e3o foi planejada para garantir o conforto dos residentes e dos frequentadores da comunidade. Segundo a diretora de Unidades Socioassistenciais da OVG, Roberta Wendorf, a integra\u00e7\u00e3o entre sa\u00fade e assist\u00eancia \u00e9 o diferencial da gest\u00e3o. &#8220;O Vila Vida, assim como nossas outras unidades, \u00e9 uma refer\u00eancia porque entende o idoso em todas as suas dimens\u00f5es. A vacina\u00e7\u00e3o nas cinco unidades preveniu doen\u00e7as graves, mas o forr\u00f3 e a integra\u00e7\u00e3o tratam a sa\u00fade emocional. Estamos garantindo imunidade no corpo e disposi\u00e7\u00e3o na mente&#8221;, explicou a diretora.<\/p>\n\n\n\n<p>Para quem recebeu a dose, o sentimento era de dever cumprido. Dona Aparecida Rodrigues da Rocha, de 68 anos, moradora de uma das casas-lares da unidade, foi uma das primeiras a vacinar e logo seguiu para a pista de dan\u00e7a. &#8220;Eu n\u00e3o perco uma vacina e muito menos o nosso forr\u00f3. A gente tem que se cuidar para poder aproveitar a vida. Com a picadinha no bra\u00e7o e o p\u00e9 no ch\u00e3o para dan\u00e7ar, n\u00e3o tem doen\u00e7a que pegue a gente&#8221;, comemorou animada.<\/p>\n\n\n\n<p>Seu Jos\u00e9 Maria Dutra, de 77 anos, tamb\u00e9m deu exemplo de responsabilidade. &#8220;Muitos amigos \u00e0s vezes ficam com medo da vacina, mas eu digo que medo a gente tem que ter \u00e9 de ficar doente. Vacinei rapidinho e agora vou tirar uma dama para dan\u00e7ar. O Vila Vida \u00e9 a nossa segunda fam\u00edlia e aqui a gente se sente vivo&#8221;, relatou o idoso entre um passo e outro de xote.<\/p>\n\n\n\n<p><strong>Refer\u00eancia no atendimento<br><\/strong>O Vila Vida atua em duas modalidades: como Centro de Conviv\u00eancia, atendendo a comunidade externa, e como Casas-Lares, para idosos residentes. A unidade oferece suporte de uma equipe multidisciplinar composta por assistentes sociais, psic\u00f3logos, odont\u00f3logos e cuidadores. Juntamente com o Centro de Idosos Sagrada Fam\u00edlia e os Espa\u00e7os Bem Viver I, II e III, a unidade comp\u00f5e a rede de prote\u00e7\u00e3o social do Governo de Goi\u00e1s e do Goi\u00e1s Social, focada na autonomia, na dignidade e no envelhecimento ativo.<\/p>\n\n\n\n<p><strong>Organiza\u00e7\u00e3o das Volunt\u00e1rias de Goi\u00e1s (OVG) | Goi\u00e1s Social \u2013 Governo de Goi\u00e1s<\/strong><\/p>\n\n\n\n<p><\/p>\n","protected":false},"excerpt":{"rendered":"<p>Iniciativa uniu imuniza\u00e7\u00e3o contra doen\u00e7as respirat\u00f3rias e atividades de conviv\u00eancia. A\u00e7\u00e3o faz parte de um cronograma que percorreu todas as unidades de idosos da Organiza\u00e7\u00e3o neste m\u00eas<\/p>\n","protected":false},"author":8,"featured_media":29998,"comment_status":"closed","ping_status":"closed","sticky":false,"template":"","format":"standard","meta":{"_acf_changed":false,"footnotes":""},"categories":[1],"tags":[],"class_list":["post-29997","post","type-post","status-publish","format-standard","has-post-thumbnail","hentry","category-noticias-ovg"],"acf":[],"_links":{"self":[{"href":"https:\/\/www.ovg.org.br\/site\/index.php?rest_route=\/wp\/v2\/posts\/29997","targetHints":{"allow":["GET"]}}],"collection":[{"href":"https:\/\/www.ovg.org.br\/site\/index.php?rest_route=\/wp\/v2\/posts"}],"about":[{"href":"https:\/\/www.ovg.org.br\/site\/index.php?rest_route=\/wp\/v2\/types\/post"}],"author":[{"embeddable":true,"href":"https:\/\/www.ovg.org.br\/site\/index.php?rest_route=\/wp\/v2\/users\/8"}],"replies":[{"embeddable":true,"href":"https:\/\/www.ovg.org.br\/site\/index.php?rest_route=%2Fwp%2Fv2%2Fcomments&post=29997"}],"version-history":[{"count":2,"href":"https:\/\/www.ovg.org.br\/site\/index.php?rest_route=\/wp\/v2\/posts\/29997\/revisions"}],"predecessor-version":[{"id":30001,"href":"https:\/\/www.ovg.org.br\/site\/index.php?rest_route=\/wp\/v2\/posts\/29997\/revisions\/30001"}],"wp:featuredmedia":[{"embeddable":true,"href":"https:\/\/www.ovg.org.br\/site\/index.php?rest_route=\/wp\/v2\/media\/29998"}],"wp:attachment":[{"href":"https:\/\/www.ovg.org.br\/site\/index.php?rest_route=%2Fwp%2Fv2%2Fmedia&parent=29997"}],"wp:term":[{"taxonomy":"category","embeddable":true,"href":"https:\/\/www.ovg.org.br\/site\/index.php?rest_route=%2Fwp%2Fv2%2Fcategories&post=29997"},{"taxonomy":"post_tag","embeddable":true,"href":"https:\/\/www.ovg.org.br\/site\/index.php?rest_route=%2Fwp%2Fv2%2Ftags&post=29997"}],"curies":[{"name":"wp","href":"https:\/\/api.w.org\/{rel}","templated":true}]}}