{"id":4938,"date":"2021-04-16T14:51:53","date_gmt":"2021-04-16T17:51:53","guid":{"rendered":"http:\/\/www.ovg.org.br\/site\/?p=4938"},"modified":"2022-10-04T10:41:39","modified_gmt":"2022-10-04T13:41:39","slug":"ovg-bate-recorde-de-doacoes-de-hortalicas","status":"publish","type":"post","link":"https:\/\/www.ovg.org.br\/site\/?p=4938","title":{"rendered":"Banco de Alimentos da OVG bate recorde de doa\u00e7\u00f5es de hortali\u00e7as"},"content":{"rendered":"\n<p><strong>Lucas Dellamare<\/strong><\/p>\n\n\n\n<p>Oferecer uma alimenta\u00e7\u00e3o variada e nutritiva \u00e0 popula\u00e7\u00e3o goiana \u00e9 um dos objetivos do Governo do Estado, por meio do Banco de Alimentos da Organiza\u00e7\u00e3o das Volunt\u00e1rias de Goi\u00e1s (OVG). Em parceria com as Centrais de Abastecimento de Goi\u00e1s (Ceasa) e Secretaria de Estado de Agricultura, Pecu\u00e1ria e Abastecimento (Seapa), o programa alcan\u00e7ou n\u00fameros recordes no m\u00eas de mar\u00e7o. A iniciativa coletou 207.340 Kg de alimentos e distribuiu 202.823 Kg a 857 fam\u00edlias. Um aumento de 50%, em compara\u00e7\u00e3o ao m\u00eas de fevereiro, quando foram distribu\u00eddas 155 toneladas de alimentos a 569 fam\u00edlias.<\/p>\n\n\n\n<p>O programa, que funciona em parceria com as Centrais de Abastecimento de Goi\u00e1s (Ceasa) e Secretaria de Estado de Agricultura, Pecu\u00e1ria e Abastecimento (Seapa), alcan\u00e7ou n\u00fameros recordes no m\u00eas de mar\u00e7o: 207.340 Kg de alimentos coletados; 202.823 Kg de alimentos distribu\u00eddos e 857 fam\u00edlias beneficiadas, um aumento de 50% no n\u00famero de beneficiados em compara\u00e7\u00e3o com o m\u00eas anterior. Em fevereiro, 179 toneladas de alimentos haviam sido distribu\u00eddas e 569 fam\u00edlias atendidas.<\/p>\n\n\n\n<p>De julho de 2019 a mar\u00e7o deste ano, o Banco de Alimentos doou 2,5 mil toneladas de frutas, verduras e legumes. Feliz com os resultados alcan\u00e7ados, a presidente de honra da OVG e coordenadora do Gabinete de Pol\u00edticas Sociais, primeira-dama Gracinha Caiado, diz que melhorar a qualidade de vida da popula\u00e7\u00e3o vulner\u00e1vel do estado \u00e9 a prioridade do Governador Ronaldo Caiado. \u201cO Banco de Alimentos da OVG \u00e9 um projeto lindo e que nos d\u00e1 muito orgulho, porque al\u00e9m de estimular a solidariedade entre os comerciantes, n\u00f3s ajudamos efetivamente quem tem fome. Sabemos que ter uma alimenta\u00e7\u00e3o saud\u00e1vel \u00e9 importante, mas muita gente n\u00e3o tem condi\u00e7\u00f5es de incluir frutas e verduras no prato. O programa muda essa realidade\u201d, destaca Gracinha Caiado.<\/p>\n\n\n\n<p>Uma das beneficiadas pelo Banco de Alimentos \u00e9 a dona de casa \u00c2ngela Maria Rodrigues da Silva. Moradora de Goi\u00e2nia, ela diz que os alimentos fazem toda a diferen\u00e7a em seu lar, que \u00e9 composto por quatro adultos e cinco crian\u00e7as. \u201cReceber essas frutas e verduras \u00e9 uma coisa muito especial. S\u00f3 quem sabe o que \u00e9 n\u00e3o ter uma refei\u00e7\u00e3o ou uma mistura para oferecer para os filhos na hora do almo\u00e7o entende o significado desse lugar. Eu n\u00e3o tenho nem palavras para dizer o quanto sou grata \u00e0 OVG por me proporcionar tudo isso. Tenho certeza que minha fam\u00edlia n\u00e3o teria uma refei\u00e7\u00e3o t\u00e3o completa se n\u00e3o estivesse aqui hoje para buscar essa doa\u00e7\u00e3o\u201d, conta a dona de casa.<\/p>\n\n\n\n<p>Incentivadora do aproveitamento integral dos alimentos, a OVG tamb\u00e9m destina as hortali\u00e7as consideradas impr\u00f3prias para o consumo \u00e0 alimenta\u00e7\u00e3o animal, zerando o descarte do material org\u00e2nico por meio da coleta urbana de res\u00edduos. De acordo com a diretora-geral da OVG, Adryanna Melo Caiado, al\u00e9m de beneficiar fam\u00edlias vulner\u00e1veis, a Organiza\u00e7\u00e3o se preocupa com o meio ambiente. \u201cVivemos uma realidade em que n\u00e3o podemos deixar o cuidado com o planeta para depois. Quando falamos em preserva\u00e7\u00e3o da vida, estamos falando na assist\u00eancia imediata a quem precisa, mas tamb\u00e9m na qualidade de vida das gera\u00e7\u00f5es futuras. Agindo assim, conseguimos abarcar essas duas vertentes\u201d, enfatiza Adryanna.<\/p>\n\n\n\n<p><strong>Parceria<\/strong><\/p>\n\n\n\n<p>O Banco de Alimentos visa ampliar o acesso das entidades sociais cadastradas na OVG e de fam\u00edlias em situa\u00e7\u00e3o de vulnerabilidade social a uma alimenta\u00e7\u00e3o de qualidade e o combate \u00e0 fome. Os produtos recebidos s\u00e3o separados, higienizados e distribu\u00eddos para fam\u00edlias vulner\u00e1veis e entidades sociais.<\/p>\n\n\n\n<p>O aumento no n\u00famero de doa\u00e7\u00f5es foi poss\u00edvel gra\u00e7as \u00e0 parceria com as Centrais de Abastecimento de Goi\u00e1s (Ceasa) e Secretaria de Estado de Agricultura, Pecu\u00e1ria e Abastecimento (Seapa), que mobilizaram produtores, concession\u00e1rios e permission\u00e1rios para doarem o excedente de frutas, verduras e legumes ao Banco de Alimentos da OVG.<\/p>\n\n\n\n<p>O presidente da Ceasa Goi\u00e1s, Lineu Ol\u00edmpio, confirma que tem trabalhado para incentivar a doa\u00e7\u00e3o dentro do entreposto. Por isso, se diz agradecido aos permission\u00e1rios, concession\u00e1rios e produtores que se mobilizam para doar os alimentos. \u201cNa Ceasa Goi\u00e1s vemos muita solidariedade e respeito ao pr\u00f3ximo. S\u00e3o toneladas de alimentos que seriam desperdi\u00e7ados, e que s\u00e3o distribu\u00eddos a pessoas em situa\u00e7\u00e3o de vulnerabilidade, ainda mais nesse per\u00edodo de pandemia\u201d.<\/p>\n\n\n\n<p><strong>Capacita\u00e7\u00f5es<\/strong><\/p>\n\n\n\n<p>Al\u00e9m da distribui\u00e7\u00e3o de cestas com frutas verduras e legumes, o Banco de Alimentos da OVG oferece capacita\u00e7\u00f5es para que as fam\u00edlias atendidas possam extrair o m\u00e1ximo de nutrientes dos vegetais. De acordo com a gerente da unidade, Mar\u00edlia Ara\u00fajo, as pessoas s\u00e3o orientadas quanto ao uso de todo o alimento. \u201cN\u00f3s orientamos as fam\u00edlias quanto ao aproveitamento integral dos vegetais. Temos o cuidado de explicar que nas cascas de boa parte das frutas e verduras h\u00e1 nutrientes riqu\u00edssimos para a sa\u00fade e ensinamos receitas pr\u00e1ticas e saborosas para que possam fazer em casa. O que porventura sobra ap\u00f3s esse processo, como talos e sementes, aconselhamos sobre a compostagem para hortas caseiras. Desta forma, conseguimos levar esse trabalho t\u00e3o bonito ainda mais longe\u201d, comenta Mar\u00edlia.<\/p>\n\n\n\n<p><strong>Organiza\u00e7\u00e3o das Volunt\u00e1rias de Goi\u00e1s (OVG) \u2013 Governo de Goi\u00e1s<\/strong><\/p>\n","protected":false},"excerpt":{"rendered":"<p>Banco de Alimentos coleta mais de 207 toneladas de hortali\u00e7as no m\u00eas de mar\u00e7o. Iniciativa beneficia 857 fam\u00edlias, n\u00famero 50% maior que no m\u00eas anterior<\/p>\n","protected":false},"author":8,"featured_media":4941,"comment_status":"closed","ping_status":"closed","sticky":false,"template":"","format":"standard","meta":{"_acf_changed":false,"footnotes":""},"categories":[1],"tags":[],"class_list":["post-4938","post","type-post","status-publish","format-standard","has-post-thumbnail","hentry","category-noticias-ovg"],"acf":[],"_links":{"self":[{"href":"https:\/\/www.ovg.org.br\/site\/index.php?rest_route=\/wp\/v2\/posts\/4938","targetHints":{"allow":["GET"]}}],"collection":[{"href":"https:\/\/www.ovg.org.br\/site\/index.php?rest_route=\/wp\/v2\/posts"}],"about":[{"href":"https:\/\/www.ovg.org.br\/site\/index.php?rest_route=\/wp\/v2\/types\/post"}],"author":[{"embeddable":true,"href":"https:\/\/www.ovg.org.br\/site\/index.php?rest_route=\/wp\/v2\/users\/8"}],"replies":[{"embeddable":true,"href":"https:\/\/www.ovg.org.br\/site\/index.php?rest_route=%2Fwp%2Fv2%2Fcomments&post=4938"}],"version-history":[{"count":7,"href":"https:\/\/www.ovg.org.br\/site\/index.php?rest_route=\/wp\/v2\/posts\/4938\/revisions"}],"predecessor-version":[{"id":6715,"href":"https:\/\/www.ovg.org.br\/site\/index.php?rest_route=\/wp\/v2\/posts\/4938\/revisions\/6715"}],"wp:featuredmedia":[{"embeddable":true,"href":"https:\/\/www.ovg.org.br\/site\/index.php?rest_route=\/wp\/v2\/media\/4941"}],"wp:attachment":[{"href":"https:\/\/www.ovg.org.br\/site\/index.php?rest_route=%2Fwp%2Fv2%2Fmedia&parent=4938"}],"wp:term":[{"taxonomy":"category","embeddable":true,"href":"https:\/\/www.ovg.org.br\/site\/index.php?rest_route=%2Fwp%2Fv2%2Fcategories&post=4938"},{"taxonomy":"post_tag","embeddable":true,"href":"https:\/\/www.ovg.org.br\/site\/index.php?rest_route=%2Fwp%2Fv2%2Ftags&post=4938"}],"curies":[{"name":"wp","href":"https:\/\/api.w.org\/{rel}","templated":true}]}}