{"id":7935,"date":"2021-08-27T08:49:04","date_gmt":"2021-08-27T11:49:04","guid":{"rendered":"https:\/\/www.ovg.org.br\/site\/?p=7935"},"modified":"2022-10-04T10:41:39","modified_gmt":"2022-10-04T13:41:39","slug":"o-repasse-esta-garantido-diz-caiado-durante-anuncio-dos-5-mil-novos-estudantes-no-programa-universitario-do-bem-probem","status":"publish","type":"post","link":"https:\/\/www.ovg.org.br\/site\/?p=7935","title":{"rendered":"\u201cO repasse est\u00e1 garantido\u201d, diz Caiado durante an\u00fancio dos 5 mil novos estudantes no Programa Universit\u00e1rio do Bem (ProBem)"},"content":{"rendered":"\n<p>O governador Ronaldo Caiado e a presidente de honra da Organiza\u00e7\u00e3o das Volunt\u00e1rias de Goi\u00e1s (OVG), coordenadora do Gabinete de Pol\u00edticas Sociais (GPS), primeira-dama Gracinha Caiado, assinaram, nesta quinta-feira (26\/08), termo de ades\u00e3o de 5 mil novos bolsistas ao Programa Universit\u00e1rio do Bem (ProBem). O benef\u00edcio \u00e9 destinado aos acad\u00eamicos em situa\u00e7\u00e3o de vulnerabilidade social.<\/p>\n\n\n\n<p>\u201cO repasse est\u00e1 garantido\u201d, disse Caiado ao enfatizar que a inclus\u00e3o desses estudantes representa o in\u00edcio de um novo ciclo. Para isso, foi necess\u00e1rio renegociar uma d\u00edvida de R$ 76 milh\u00f5es deixada pela gest\u00e3o anterior, da ent\u00e3o Bolsa Universit\u00e1ria, e formatar o processo de sele\u00e7\u00e3o.<\/p>\n\n\n\n<p>\u201cN\u00e3o tem mais aquela bolsa pol\u00edtica. A bolsa agora \u00e9 responsabilidade, compromisso, cidadania e respeito aos jovens do Estado de Goi\u00e1s\u201d, destacou o governador durante solenidade \u00e0 noite no Teatro Goi\u00e2nia.<\/p>\n\n\n\n<p>Com o remodelamento, a ades\u00e3o ocorre por meio de avalia\u00e7\u00e3o social e crit\u00e9rios do Cadastro \u00danico para Programas Sociais (Cad\u00danico), do governo federal. O ProBem, que at\u00e9 ent\u00e3o atendia cerca de 5 mil estudantes em todo o Estado, agora dobra a quantidade e atinge a marca de 10 mil. O governador deu conselhos aos universit\u00e1rios: \u201cEstudem. N\u00e3o existem atalhos. Quem tem compet\u00eancia ter\u00e1 sucesso na profiss\u00e3o. Vai melhorar a sua qualidade de vida e a da fam\u00edlia. Tamb\u00e9m sejam solid\u00e1rios e tenham amor ao pr\u00f3ximo\u201d.<\/p>\n\n\n\n<p>Salete Freitas Nascimento, de 26 anos, \u00e9 uma das beneficiadas. \u201cSou a \u00fanica pessoa em casa que faz um curso superior. Todo mundo est\u00e1 colocando expectativa nisso!\u201d, afirmou a estudante de Administra\u00e7\u00e3o. J\u00e1 Helizelson da Silva Monteiro tem 44 anos e est\u00e1 no segundo ano de Jornalismo. A bolsa de estudos, disse, vai garantir a realiza\u00e7\u00e3o do sonho de ter um diploma superior. \u201cO ProBem \u00e9 uma excelente oportunidade para estudantes que querem buscar algo focado numa vida melhor, numa sociedade mais justa\u201d, relatou o bolsista.<\/p>\n\n\n\n<p><\/p>\n\n\n\n<figure class=\"wp-block-image size-full\"><img loading=\"lazy\" decoding=\"async\" width=\"1024\" height=\"682\" src=\"https:\/\/www.ovg.org.br\/site\/wp-content\/uploads\/2021\/08\/Foto-2.jpg\" alt=\"\" class=\"wp-image-7941\" srcset=\"https:\/\/www.ovg.org.br\/site\/wp-content\/uploads\/2021\/08\/Foto-2.jpg 1024w, https:\/\/www.ovg.org.br\/site\/wp-content\/uploads\/2021\/08\/Foto-2-300x200.jpg 300w, https:\/\/www.ovg.org.br\/site\/wp-content\/uploads\/2021\/08\/Foto-2-768x512.jpg 768w\" sizes=\"auto, (max-width: 1024px) 100vw, 1024px\" \/><figcaption>Presidente de honra da Organiza\u00e7\u00e3o, Gracinha Caiado, disse que os universit\u00e1rios representam a &#8220;aposta do Governo de Goi\u00e1s e da OVG no futuro do Estado&#8221;<\/figcaption><\/figure>\n\n\n\n<p>Para o segundo semestre, o investimento do governo estadual no Probem \u00e9 de R$ 38,7 milh\u00f5es. Na primeira metade de 2021, foram destinados R$ 20,4 milh\u00f5es. A primeira-dama afirmou que os universit\u00e1rios representam a \u201caposta do Governo de Goi\u00e1s e da OVG no futuro do Estado\u201d. A ades\u00e3o ao programa representa o ingresso num banco de oportunidades, disse. \u201cSe preocupem com os livros, artigos cient\u00edficos, provas, trabalhos. Mas v\u00e3o al\u00e9m. Se preocupem tamb\u00e9m com a forma\u00e7\u00e3o social e humana\u201d, recomendou Gracinha.<\/p>\n\n\n\n<p>A solenidade concretizou a concess\u00e3o de 4 mil bolsas parciais, com custeio de 50% do valor da mensalidade, e outras mil integrais que v\u00e3o cobrir 100% da mensalidade. Para a maioria dos cursos, o benef\u00edcio parcial pode chegar a R$ 650 e o integral a R$ 1.500. J\u00e1 para alunos de Medicina e Odontologia, as bolsas ser\u00e3o de R$ 2.900 (parcial) e R$ 5.800 (integral). \u201cO que n\u00f3s temos, n\u00f3s investimos pesado na educa\u00e7\u00e3o\u201d, disse o governador.<\/p>\n\n\n\n<p>Devido \u00e0 pandemia, apenas 150 universit\u00e1rios foram ao evento, no Teatro Goi\u00e2nia. O restante assistiu a solenidade de casa, via transmiss\u00e3o pelo YouTube da OVG, que ultrapassou a marca de 4,6 mil visualiza\u00e7\u00f5es simult\u00e2neas. Eles assinaram o termo de ades\u00e3o ao programa via QR Code, disponibilizado na tela. O ato \u00e9 necess\u00e1rio para o recebimento da bolsa de estudos. O evento foi apresentado pelo jornalista Fred Silveira, teve sorteio de 20 smartphones, 10 bolsas integrais e quatro parciais para cursos de idiomas e ainda uma palestra de Diogo Moschcovitch, que \u00e9 mestre e doutor em Filosofia, sobre carreiras e profiss\u00f5es do futuro.<\/p>\n\n\n\n<p>Sobre a d\u00edvida herdada da gest\u00e3o anterior, e que foi renegociada por Caiado, somente em 2021 o Governo de Goi\u00e1s liberou R$ 29,4 milh\u00f5es para quita\u00e7\u00e3o das parcelas deste ano. Em paralelo, a OVG passou a garantir vagas para bolsistas do ProBem por meio de avalia\u00e7\u00e3o multidimensional, ao considerar a condi\u00e7\u00e3o de vida da fam\u00edlia do estudante em aspectos como qualidade da moradia, dificuldade de acesso \u00e0 educa\u00e7\u00e3o, entre outros. \u201c\u00c9 uma felicidade que, depois de tanto tempo para acertar todas as contas, conseguimos realizar o processo seletivo. Sejam bem-vindos\u201d, comentou a diretora-geral da OVG, Adryanna Caiado.<\/p>\n\n\n\n<p>O prefeito Rog\u00e9rio Cruz parabenizou Caiado e equipe pelo empenho em cuidar das pessoas por meio da educa\u00e7\u00e3o. \u201cO governador est\u00e1 plantando sonhos para que todos tenham oportunidade\u201d, disse aos beneficiados. J\u00e1 o deputado estadual Amilton Filho tra\u00e7ou um paralelo entre o ProBem e o antigo Bolsa Universit\u00e1ria. \u201cEm outros tempos, programas assim eram reservados para atender amigo de um, filho de outro. D\u00e1 felicidade olhar pra isso hoje, uma sele\u00e7\u00e3o objetiva\u201d, relatou. \u201cAcabou em Goi\u00e1s bolsistas apadrinhados por pol\u00edticos, indica\u00e7\u00f5es ou interfer\u00eancias\u201d, completou o parlamentar Rafael Gouveia.<\/p>\n\n\n\n<p><strong>ProBem<\/strong><\/p>\n\n\n\n<p>Sancionado no dia 05 de janeiro pelo governador Ronaldo Caiado, o Probem foi desenvolvido para democratizar o acesso \u00e0 bolsa de estudo para o ensino superior ao usar um banco de dados nacional, o Cad\u00danico, que identifica as fam\u00edlias mais vulner\u00e1veis em cada um dos munic\u00edpios goianos. A iniciativa tem foco em promover a inclus\u00e3o ao ensino superior \u00e0 faixa mais carente da popula\u00e7\u00e3o goiana.<\/p>\n\n\n\n<p>Participaram do evento o vice-governador Lincoln Tejota; a primeira-dama de Goi\u00e2nia, Thelma Cruz; os secret\u00e1rios de Estado Wellington Matos (Desenvolvimento Social), Bruno D&#8217;Abadia (Administra\u00e7\u00e3o) e Tony Carlo (Comunica\u00e7\u00e3o); o presidente da Funda\u00e7\u00e3o de Amparo \u00e0 Pesquisa do Estado de Goi\u00e1s (Fapeg), Robson Domingos Vieira; e o superintendente do Servi\u00e7o Brasileiro de Apoio \u00e0s Micro e Pequenas Empresas (Sebrae), Ant\u00f4nio Carlos de Souza Lima Neto.<\/p>\n\n\n\n<p>Ainda marcaram presen\u00e7a os diretores da OVG R\u00fabia Prado (Programas Especiais), Thomas Marcelo (Administrativo e Financeiro) e Jeane de C\u00e1ssia Abdala (A\u00e7\u00f5es Sociais); o presidente do Sindicato das Entidades Mantenedoras de Estabelecimentos de Educa\u00e7\u00e3o Superior do Estado de Goi\u00e1s (Sesmeg), Jorge de Jesus Bernardo; o assessor especial da Governadoria, Paulo Magalh\u00e3es; o secret\u00e1rio municipal de Educa\u00e7\u00e3o, Wellington Bessa; e o chefe de gabinete da Secretaria de Estado da Educa\u00e7\u00e3o, Lucca Perdig\u00e3o, representante da secret\u00e1ria F\u00e1tima Gavioli.<\/p>\n\n\n\n<p><\/p>\n\n\n\n<p><strong>Secretaria de Comunica\u00e7\u00e3o &#8211; Governo de Goi\u00e1s<\/strong><\/p>\n","protected":false},"excerpt":{"rendered":"<p>Investimento do Governo de Goi\u00e1s, s\u00f3 no segundo semestre de 2021, \u00e9 de R$ 38,7 milh\u00f5es. Benef\u00edcio contempla universit\u00e1rios em situa\u00e7\u00e3o de vulnerabilidade social<\/p>\n","protected":false},"author":4,"featured_media":7936,"comment_status":"closed","ping_status":"closed","sticky":false,"template":"","format":"standard","meta":{"_acf_changed":false,"footnotes":""},"categories":[1],"tags":[],"class_list":["post-7935","post","type-post","status-publish","format-standard","has-post-thumbnail","hentry","category-noticias-ovg"],"acf":[],"_links":{"self":[{"href":"https:\/\/www.ovg.org.br\/site\/index.php?rest_route=\/wp\/v2\/posts\/7935","targetHints":{"allow":["GET"]}}],"collection":[{"href":"https:\/\/www.ovg.org.br\/site\/index.php?rest_route=\/wp\/v2\/posts"}],"about":[{"href":"https:\/\/www.ovg.org.br\/site\/index.php?rest_route=\/wp\/v2\/types\/post"}],"author":[{"embeddable":true,"href":"https:\/\/www.ovg.org.br\/site\/index.php?rest_route=\/wp\/v2\/users\/4"}],"replies":[{"embeddable":true,"href":"https:\/\/www.ovg.org.br\/site\/index.php?rest_route=%2Fwp%2Fv2%2Fcomments&post=7935"}],"version-history":[{"count":8,"href":"https:\/\/www.ovg.org.br\/site\/index.php?rest_route=\/wp\/v2\/posts\/7935\/revisions"}],"predecessor-version":[{"id":7949,"href":"https:\/\/www.ovg.org.br\/site\/index.php?rest_route=\/wp\/v2\/posts\/7935\/revisions\/7949"}],"wp:featuredmedia":[{"embeddable":true,"href":"https:\/\/www.ovg.org.br\/site\/index.php?rest_route=\/wp\/v2\/media\/7936"}],"wp:attachment":[{"href":"https:\/\/www.ovg.org.br\/site\/index.php?rest_route=%2Fwp%2Fv2%2Fmedia&parent=7935"}],"wp:term":[{"taxonomy":"category","embeddable":true,"href":"https:\/\/www.ovg.org.br\/site\/index.php?rest_route=%2Fwp%2Fv2%2Fcategories&post=7935"},{"taxonomy":"post_tag","embeddable":true,"href":"https:\/\/www.ovg.org.br\/site\/index.php?rest_route=%2Fwp%2Fv2%2Ftags&post=7935"}],"curies":[{"name":"wp","href":"https:\/\/api.w.org\/{rel}","templated":true}]}}